{"id":43459,"date":"2025-10-11T12:01:21","date_gmt":"2025-10-11T15:01:21","guid":{"rendered":"https:\/\/radiostudiow.com.br\/site\/?p=43459"},"modified":"2025-10-11T12:01:21","modified_gmt":"2025-10-11T15:01:21","slug":"pcpr-prende-dois-investigados-por-roubos-a-farmacias-em-sao-mateus-do-sul","status":"publish","type":"post","link":"https:\/\/radiostudiow.com.br\/site\/2025\/10\/11\/pcpr-prende-dois-investigados-por-roubos-a-farmacias-em-sao-mateus-do-sul\/","title":{"rendered":"PCPR prende dois investigados por roubos a farm\u00e1cias em S\u00e3o Mateus do Sul"},"content":{"rendered":"\n<p class=\"has-text-align-center\"><em>Da reda\u00e7\u00e3o Clic Sul News<\/em><\/p>\n\n\n\n<p>A Pol\u00edcia Civil do Paran\u00e1 (PCPR), por meio da 3\u00aa Subdivis\u00e3o Policial de S\u00e3o Mateus do Sul, prendeu um homem de 23 anos e apreendeu um adolescente de 16 anos, ambos investigados pela pr\u00e1tica de roubos a farm\u00e1cias no munic\u00edpio de S\u00e3o Mateus do Sul.<\/p>\n\n\n\n<p>Na noite da \u00faltima sexta-feira (03), o suspeito, maior de idade, armado com uma faca, invadiu uma farm\u00e1cia localizada na regi\u00e3o central da cidade e subtraiu cerca de R$ 600 do caixa.<\/p>\n\n\n\n<figure class=\"wp-block-image size-full is-resized\"><img loading=\"lazy\" decoding=\"async\" width=\"1024\" height=\"591\" src=\"https:\/\/radiostudiow.com.br\/site\/wp-content\/uploads\/2025\/09\/CASA-DO-CRIADOR.png\" alt=\"\" class=\"wp-image-42859\" style=\"width:558px;height:auto\" srcset=\"https:\/\/radiostudiow.com.br\/site\/wp-content\/uploads\/2025\/09\/CASA-DO-CRIADOR.png 1024w, https:\/\/radiostudiow.com.br\/site\/wp-content\/uploads\/2025\/09\/CASA-DO-CRIADOR-300x173.png 300w, https:\/\/radiostudiow.com.br\/site\/wp-content\/uploads\/2025\/09\/CASA-DO-CRIADOR-768x443.png 768w\" sizes=\"auto, (max-width: 1024px) 100vw, 1024px\" \/><\/figure>\n\n\n\n<p>Na segunda-feira seguinte (06\/10), o mesmo indiv\u00edduo, desta vez com a participa\u00e7\u00e3o de um adolescente, cometeu novo roubo em outra farm\u00e1cia da \u00e1rea central. Novamente utilizando uma arma branca para amea\u00e7ar os funcion\u00e1rios, a dupla levou aproximadamente R$ 1.000.<\/p>\n\n\n\n<p>Em ambas as a\u00e7\u00f5es, os autores fizeram uso de m\u00e1scaras para cobrir o rosto e utilizaram bicicletas para facilitar a fuga.<\/p>\n\n\n\n<p>A partir da an\u00e1lise de imagens de c\u00e2meras de seguran\u00e7a, a equipe de investiga\u00e7\u00e3o conseguiu identificar caracter\u00edsticas f\u00edsicas dos envolvidos, al\u00e9m de mapear o trajeto percorrido por eles antes e ap\u00f3s os crimes.<\/p>\n\n\n\n<p>Na sequ\u00eancia, foram realizadas dilig\u00eancias de busca nas resid\u00eancias dos investigados, onde foram localizadas roupas, acess\u00f3rios, m\u00e1scaras e bicicletas possivelmente utilizadas nas a\u00e7\u00f5es criminosas.<\/p>\n\n\n\n<figure class=\"wp-block-image size-full\"><img loading=\"lazy\" decoding=\"async\" width=\"598\" height=\"204\" src=\"https:\/\/radiostudiow.com.br\/site\/wp-content\/uploads\/2025\/04\/BOROX.png\" alt=\"\" class=\"wp-image-37229\" srcset=\"https:\/\/radiostudiow.com.br\/site\/wp-content\/uploads\/2025\/04\/BOROX.png 598w, https:\/\/radiostudiow.com.br\/site\/wp-content\/uploads\/2025\/04\/BOROX-300x102.png 300w\" sizes=\"auto, (max-width: 598px) 100vw, 598px\" \/><\/figure>\n\n\n\n<p>As investiga\u00e7\u00f5es se estenderam por aproximadamente uma semana. O inqu\u00e9rito ser\u00e1 finalizado dentro do prazo legal e encaminhado ao Minist\u00e9rio P\u00fablico e ao Poder Judici\u00e1rio.<\/p>\n\n\n\n<p>Durante as dilig\u00eancias na resid\u00eancia do adolescente investigado, al\u00e9m de elementos que o vinculam ao roubo ocorrido na segunda-feira, os policiais civis localizaram aproximadamente 3,2 quilos de maconha.<\/p>\n\n\n\n<p>Diante dos fatos, ele foi apreendido em flagrante por ato infracional an\u00e1logo ao crime de tr\u00e1fico de drogas e permanece sob cust\u00f3dia preventiva, aguardando vaga no Sistema Socioeducativo.<\/p>\n\n\n\n<p>O adolescente tamb\u00e9m responder\u00e1 por ato infracional an\u00e1logo ao crime de roubo qualificado pelo emprego de arma branca.<\/p>\n\n\n\n<figure class=\"wp-block-image size-full\"><img loading=\"lazy\" decoding=\"async\" width=\"897\" height=\"207\" src=\"https:\/\/radiostudiow.com.br\/site\/wp-content\/uploads\/2025\/07\/TIJOLAO.png\" alt=\"\" class=\"wp-image-40184\" srcset=\"https:\/\/radiostudiow.com.br\/site\/wp-content\/uploads\/2025\/07\/TIJOLAO.png 897w, https:\/\/radiostudiow.com.br\/site\/wp-content\/uploads\/2025\/07\/TIJOLAO-300x69.png 300w, https:\/\/radiostudiow.com.br\/site\/wp-content\/uploads\/2025\/07\/TIJOLAO-768x177.png 768w\" sizes=\"auto, (max-width: 897px) 100vw, 897px\" \/><\/figure>\n\n\n\n<p>Com a identifica\u00e7\u00e3o da autoria dos roubos, foi expedido mandado de pris\u00e3o preventiva contra o investigado de 23 anos, o qual foi capturado na tarde desta sexta-feira (10\/10).<\/p>\n\n\n\n<p>Ele responder\u00e1 por dois crimes de roubo qualificado pelo uso de arma branca e pelo crime de corrup\u00e7\u00e3o de menores.<\/p>\n\n\n\n<p>A Pol\u00edcia Civil do Paran\u00e1 reafirma seu compromisso com a sociedade, atuando com rigor absoluto na apura\u00e7\u00e3o de crimes violentos. N\u00e3o haver\u00e1 toler\u00e2ncia para pr\u00e1ticas criminosas que atentem contra a seguran\u00e7a e a tranquilidade da popula\u00e7\u00e3o.<\/p>\n\n\n\n<p>A PCPR refor\u00e7a que a participa\u00e7\u00e3o da comunidade \u00e9 essencial no enfrentamento \u00e0 criminalidade. Informa\u00e7\u00f5es e den\u00fancias podem ser repassadas de forma an\u00f4nima pelo Disque-Den\u00fancia 181<\/p>\n\n\n\n<p class=\"has-text-align-center\"><em>Da reda\u00e7\u00e3o Clic Sul News<\/em><\/p>\n","protected":false},"excerpt":{"rendered":"<p>Da reda\u00e7\u00e3o Clic Sul News A Pol\u00edcia Civil do Paran\u00e1 (PCPR), por meio da 3\u00aa Subdivis\u00e3o Policial de S\u00e3o Mateus do Sul, prendeu um homem de 23 anos e apreendeu um adolescente de 16 anos, ambos investigados pela pr\u00e1tica de roubos a farm\u00e1cias no munic\u00edpio de S\u00e3o Mateus do Sul. Na noite da \u00faltima sexta-feira [&hellip;]<\/p>\n","protected":false},"author":2,"featured_media":43460,"comment_status":"open","ping_status":"open","sticky":false,"template":"","format":"standard","meta":{"footnotes":""},"categories":[2],"tags":[172],"class_list":["post-43459","post","type-post","status-publish","format-standard","has-post-thumbnail","hentry","category-policial","tag-featured"],"amp_enabled":true,"_links":{"self":[{"href":"https:\/\/radiostudiow.com.br\/site\/wp-json\/wp\/v2\/posts\/43459","targetHints":{"allow":["GET"]}}],"collection":[{"href":"https:\/\/radiostudiow.com.br\/site\/wp-json\/wp\/v2\/posts"}],"about":[{"href":"https:\/\/radiostudiow.com.br\/site\/wp-json\/wp\/v2\/types\/post"}],"author":[{"embeddable":true,"href":"https:\/\/radiostudiow.com.br\/site\/wp-json\/wp\/v2\/users\/2"}],"replies":[{"embeddable":true,"href":"https:\/\/radiostudiow.com.br\/site\/wp-json\/wp\/v2\/comments?post=43459"}],"version-history":[{"count":1,"href":"https:\/\/radiostudiow.com.br\/site\/wp-json\/wp\/v2\/posts\/43459\/revisions"}],"predecessor-version":[{"id":43461,"href":"https:\/\/radiostudiow.com.br\/site\/wp-json\/wp\/v2\/posts\/43459\/revisions\/43461"}],"wp:featuredmedia":[{"embeddable":true,"href":"https:\/\/radiostudiow.com.br\/site\/wp-json\/wp\/v2\/media\/43460"}],"wp:attachment":[{"href":"https:\/\/radiostudiow.com.br\/site\/wp-json\/wp\/v2\/media?parent=43459"}],"wp:term":[{"taxonomy":"category","embeddable":true,"href":"https:\/\/radiostudiow.com.br\/site\/wp-json\/wp\/v2\/categories?post=43459"},{"taxonomy":"post_tag","embeddable":true,"href":"https:\/\/radiostudiow.com.br\/site\/wp-json\/wp\/v2\/tags?post=43459"}],"curies":[{"name":"wp","href":"https:\/\/api.w.org\/{rel}","templated":true}]}}