{"id":43470,"date":"2025-10-13T09:41:31","date_gmt":"2025-10-13T12:41:31","guid":{"rendered":"https:\/\/radiostudiow.com.br\/site\/?p=43470"},"modified":"2025-10-13T09:44:44","modified_gmt":"2025-10-13T12:44:44","slug":"homem-com-mandado-de-prisao-e-capturado-pela-policia-em-uniao-da-vitoria","status":"publish","type":"post","link":"https:\/\/radiostudiow.com.br\/site\/2025\/10\/13\/homem-com-mandado-de-prisao-e-capturado-pela-policia-em-uniao-da-vitoria\/","title":{"rendered":"Homem \u00e9 detido pela Pol\u00edcia Militar com mandado de pris\u00e3o em Uni\u00e3o da Vit\u00f3ria"},"content":{"rendered":"\n<figure class=\"wp-block-image size-full\"><img loading=\"lazy\" decoding=\"async\" width=\"897\" height=\"204\" src=\"https:\/\/radiostudiow.com.br\/site\/wp-content\/uploads\/2025\/02\/SITE-GRANDE7.png\" alt=\"\" class=\"wp-image-33861\" srcset=\"https:\/\/radiostudiow.com.br\/site\/wp-content\/uploads\/2025\/02\/SITE-GRANDE7.png 897w, https:\/\/radiostudiow.com.br\/site\/wp-content\/uploads\/2025\/02\/SITE-GRANDE7-300x68.png 300w, https:\/\/radiostudiow.com.br\/site\/wp-content\/uploads\/2025\/02\/SITE-GRANDE7-768x175.png 768w\" sizes=\"auto, (max-width: 897px) 100vw, 897px\" \/><\/figure>\n\n\n\n<p>Uma equipe da ROTAM realizava patrulhamento em Uni\u00e3o da Vit\u00f3ria quando avistou um homem j\u00e1 conhecido dos policiais por volta das 20 horas deste s\u00e1bado (11). <\/p>\n\n\n\n<p>De acordo com o relat\u00f3rio, ele possu\u00eda um mandado de pris\u00e3o ativo expedido pela 1\u00aa Vara Criminal do Poder Judici\u00e1rio do Paran\u00e1. N\u00e3o divulgado o motivo do mandado de pris\u00e3o do homem.<\/p>\n\n\n\n<p>Ap\u00f3s a abordagem, os agentes confirmaram a identidade do suspeito e a validade do mandado. O homem foi preso e encaminhado ao DEPEN para os procedimentos cab\u00edveis.<\/p>\n\n\n\n<figure class=\"wp-block-image size-full\"><img loading=\"lazy\" decoding=\"async\" width=\"598\" height=\"204\" src=\"https:\/\/radiostudiow.com.br\/site\/wp-content\/uploads\/2024\/01\/SITE-MEDIO.png\" alt=\"\" class=\"wp-image-18916\" srcset=\"https:\/\/radiostudiow.com.br\/site\/wp-content\/uploads\/2024\/01\/SITE-MEDIO.png 598w, https:\/\/radiostudiow.com.br\/site\/wp-content\/uploads\/2024\/01\/SITE-MEDIO-300x102.png 300w\" sizes=\"auto, (max-width: 598px) 100vw, 598px\" \/><\/figure>\n","protected":false},"excerpt":{"rendered":"<p>Uma equipe da ROTAM realizava patrulhamento em Uni\u00e3o da Vit\u00f3ria quando avistou um homem j\u00e1 conhecido dos policiais por volta das 20 horas deste s\u00e1bado (11). De acordo com o relat\u00f3rio, ele possu\u00eda um mandado de pris\u00e3o ativo expedido pela 1\u00aa Vara Criminal do Poder Judici\u00e1rio do Paran\u00e1. N\u00e3o divulgado o motivo do mandado de [&hellip;]<\/p>\n","protected":false},"author":2,"featured_media":13676,"comment_status":"open","ping_status":"open","sticky":false,"template":"","format":"standard","meta":{"footnotes":""},"categories":[2],"tags":[172],"class_list":["post-43470","post","type-post","status-publish","format-standard","has-post-thumbnail","hentry","category-policial","tag-featured"],"amp_enabled":true,"_links":{"self":[{"href":"https:\/\/radiostudiow.com.br\/site\/wp-json\/wp\/v2\/posts\/43470","targetHints":{"allow":["GET"]}}],"collection":[{"href":"https:\/\/radiostudiow.com.br\/site\/wp-json\/wp\/v2\/posts"}],"about":[{"href":"https:\/\/radiostudiow.com.br\/site\/wp-json\/wp\/v2\/types\/post"}],"author":[{"embeddable":true,"href":"https:\/\/radiostudiow.com.br\/site\/wp-json\/wp\/v2\/users\/2"}],"replies":[{"embeddable":true,"href":"https:\/\/radiostudiow.com.br\/site\/wp-json\/wp\/v2\/comments?post=43470"}],"version-history":[{"count":2,"href":"https:\/\/radiostudiow.com.br\/site\/wp-json\/wp\/v2\/posts\/43470\/revisions"}],"predecessor-version":[{"id":43473,"href":"https:\/\/radiostudiow.com.br\/site\/wp-json\/wp\/v2\/posts\/43470\/revisions\/43473"}],"wp:featuredmedia":[{"embeddable":true,"href":"https:\/\/radiostudiow.com.br\/site\/wp-json\/wp\/v2\/media\/13676"}],"wp:attachment":[{"href":"https:\/\/radiostudiow.com.br\/site\/wp-json\/wp\/v2\/media?parent=43470"}],"wp:term":[{"taxonomy":"category","embeddable":true,"href":"https:\/\/radiostudiow.com.br\/site\/wp-json\/wp\/v2\/categories?post=43470"},{"taxonomy":"post_tag","embeddable":true,"href":"https:\/\/radiostudiow.com.br\/site\/wp-json\/wp\/v2\/tags?post=43470"}],"curies":[{"name":"wp","href":"https:\/\/api.w.org\/{rel}","templated":true}]}}