{"id":43482,"date":"2025-10-14T17:38:22","date_gmt":"2025-10-14T20:38:22","guid":{"rendered":"https:\/\/radiostudiow.com.br\/site\/?p=43482"},"modified":"2025-10-14T17:38:23","modified_gmt":"2025-10-14T20:38:23","slug":"brasil-deve-implementar-verificacao-de-idade-online-na-internet","status":"publish","type":"post","link":"https:\/\/radiostudiow.com.br\/site\/2025\/10\/14\/brasil-deve-implementar-verificacao-de-idade-online-na-internet\/","title":{"rendered":"Brasil deve implementar verifica\u00e7\u00e3o de idade online na internet"},"content":{"rendered":"\n<p>O Brasil est\u00e1 na vanguarda das discuss\u00f5es internacionais sobre a implementa\u00e7\u00e3o de mecanismos de verifica\u00e7\u00e3o de idade online, um passo crucial para proteger crian\u00e7as e adolescentes dos riscos presentes na internet.<\/p>\n\n\n\n<p>A iniciativa brasileira, que ganhar\u00e1 forma em uma mesa redonda no dia 22 de outubro, durante o Futurecom 2025, no Rio de Janeiro, reunir\u00e1 especialistas globais para debater como aplicar e regulamentar tecnologias que assegurem que apenas usu\u00e1rios com idade apropriada acessem conte\u00fados e servi\u00e7os espec\u00edficos.<\/p>\n\n\n\n<figure class=\"wp-block-image size-full\"><img loading=\"lazy\" decoding=\"async\" width=\"897\" height=\"204\" src=\"https:\/\/radiostudiow.com.br\/site\/wp-content\/uploads\/2025\/01\/SITE-GRANDE4.png\" alt=\"\" class=\"wp-image-32888\" srcset=\"https:\/\/radiostudiow.com.br\/site\/wp-content\/uploads\/2025\/01\/SITE-GRANDE4.png 897w, https:\/\/radiostudiow.com.br\/site\/wp-content\/uploads\/2025\/01\/SITE-GRANDE4-300x68.png 300w, https:\/\/radiostudiow.com.br\/site\/wp-content\/uploads\/2025\/01\/SITE-GRANDE4-768x175.png 768w\" sizes=\"auto, (max-width: 897px) 100vw, 897px\" \/><\/figure>\n\n\n\n<p>A urg\u00eancia dessa medida \u00e9 global. A ministra da Cultura da Fran\u00e7a, Rachida Dati, anunciou recentemente que os sites adultos que n\u00e3o implementarem a verifica\u00e7\u00e3o de idade at\u00e9 1\u00ba de janeiro de 2026 ser\u00e3o bloqueados no pa\u00eds. Esta decis\u00e3o refor\u00e7a a tend\u00eancia internacional de responsabilizar plataformas pela seguran\u00e7a de menores no ambiente digital.<\/p>\n\n\n\n<p>No Reino Unido, o governo j\u00e1 sancionou o \u201c<em>Online Safety Act\u201d<\/em>, que imp\u00f5e aos provedores de servi\u00e7os online o dever de proteger as crian\u00e7as de conte\u00fados prejudiciais. A Austr\u00e1lia, por sua vez, est\u00e1 investindo em pesquisas sobre a viabilidade de sistemas de verifica\u00e7\u00e3o de idade robustos.<\/p>\n\n\n\n<p>O debate no Brasil ser\u00e1 liderado pelo Instituto Verificador de Idade (IVI), em parceria com a Coaliz\u00e3o de Empresas de Verifica\u00e7\u00e3o de Idade (AVSC) e o Futurecom. Ricardo Sanfelice, presidente do IVI, destaca a import\u00e2ncia da colabora\u00e7\u00e3o internacional para desenvolver um modelo que seja eficaz e respeite a privacidade dos usu\u00e1rios.<\/p>\n\n\n\n<figure class=\"wp-block-image size-full\"><img loading=\"lazy\" decoding=\"async\" width=\"598\" height=\"204\" src=\"https:\/\/radiostudiow.com.br\/site\/wp-content\/uploads\/2024\/01\/SITE-MEDIO.png\" alt=\"\" class=\"wp-image-18916\" srcset=\"https:\/\/radiostudiow.com.br\/site\/wp-content\/uploads\/2024\/01\/SITE-MEDIO.png 598w, https:\/\/radiostudiow.com.br\/site\/wp-content\/uploads\/2024\/01\/SITE-MEDIO-300x102.png 300w\" sizes=\"auto, (max-width: 598px) 100vw, 598px\" \/><\/figure>\n\n\n\n<p><strong>\u201c<em>N\u00e3o existe uma solu\u00e7\u00e3o \u00fanica para a verifica\u00e7\u00e3o de idade online, porque os cen\u00e1rios s\u00e3o complexos. O que precisamos \u00e9 de uma colabora\u00e7\u00e3o global para desenvolver uma abordagem eficaz que equilibre a seguran\u00e7a e a privacidade dos usu\u00e1rios\u201d<\/em><\/strong><em>,<\/em>\u00a0afirma Sanfelice.<\/p>\n\n\n\n<p>A implementa\u00e7\u00e3o da verifica\u00e7\u00e3o de idade no Brasil \u00e9 um dos pilares do Marco Legal da Internet e tem como principal objetivo proteger crian\u00e7as e adolescentes contra conte\u00fados inadequados e abusos online. A discuss\u00e3o no Futurecom 2025 promete ser um marco na busca por solu\u00e7\u00f5es que garantam um ambiente digital mais seguro para todos.<\/p>\n","protected":false},"excerpt":{"rendered":"<p>O Brasil est\u00e1 na vanguarda das discuss\u00f5es internacionais sobre a implementa\u00e7\u00e3o de mecanismos de verifica\u00e7\u00e3o de idade online, um passo crucial para proteger crian\u00e7as e adolescentes dos riscos presentes na internet. A iniciativa brasileira, que ganhar\u00e1 forma em uma mesa redonda no dia 22 de outubro, durante o Futurecom 2025, no Rio de Janeiro, reunir\u00e1 [&hellip;]<\/p>\n","protected":false},"author":2,"featured_media":43578,"comment_status":"open","ping_status":"open","sticky":false,"template":"","format":"standard","meta":{"footnotes":""},"categories":[7],"tags":[172],"class_list":["post-43482","post","type-post","status-publish","format-standard","has-post-thumbnail","hentry","category-geral","tag-featured"],"amp_enabled":true,"_links":{"self":[{"href":"https:\/\/radiostudiow.com.br\/site\/wp-json\/wp\/v2\/posts\/43482","targetHints":{"allow":["GET"]}}],"collection":[{"href":"https:\/\/radiostudiow.com.br\/site\/wp-json\/wp\/v2\/posts"}],"about":[{"href":"https:\/\/radiostudiow.com.br\/site\/wp-json\/wp\/v2\/types\/post"}],"author":[{"embeddable":true,"href":"https:\/\/radiostudiow.com.br\/site\/wp-json\/wp\/v2\/users\/2"}],"replies":[{"embeddable":true,"href":"https:\/\/radiostudiow.com.br\/site\/wp-json\/wp\/v2\/comments?post=43482"}],"version-history":[{"count":4,"href":"https:\/\/radiostudiow.com.br\/site\/wp-json\/wp\/v2\/posts\/43482\/revisions"}],"predecessor-version":[{"id":43579,"href":"https:\/\/radiostudiow.com.br\/site\/wp-json\/wp\/v2\/posts\/43482\/revisions\/43579"}],"wp:featuredmedia":[{"embeddable":true,"href":"https:\/\/radiostudiow.com.br\/site\/wp-json\/wp\/v2\/media\/43578"}],"wp:attachment":[{"href":"https:\/\/radiostudiow.com.br\/site\/wp-json\/wp\/v2\/media?parent=43482"}],"wp:term":[{"taxonomy":"category","embeddable":true,"href":"https:\/\/radiostudiow.com.br\/site\/wp-json\/wp\/v2\/categories?post=43482"},{"taxonomy":"post_tag","embeddable":true,"href":"https:\/\/radiostudiow.com.br\/site\/wp-json\/wp\/v2\/tags?post=43482"}],"curies":[{"name":"wp","href":"https:\/\/api.w.org\/{rel}","templated":true}]}}