{"id":43484,"date":"2025-10-13T10:36:46","date_gmt":"2025-10-13T13:36:46","guid":{"rendered":"https:\/\/radiostudiow.com.br\/site\/?p=43484"},"modified":"2025-10-13T10:36:47","modified_gmt":"2025-10-13T13:36:47","slug":"policia-militar-prendeu-homem-e-recuperou-motocicleta-furtada","status":"publish","type":"post","link":"https:\/\/radiostudiow.com.br\/site\/2025\/10\/13\/policia-militar-prendeu-homem-e-recuperou-motocicleta-furtada\/","title":{"rendered":"Pol\u00edcia Militar prendeu homem e recuperou motocicleta furtada"},"content":{"rendered":"\n<figure class=\"wp-block-image size-full\"><img loading=\"lazy\" decoding=\"async\" width=\"897\" height=\"204\" src=\"https:\/\/radiostudiow.com.br\/site\/wp-content\/uploads\/2024\/01\/SITE-GRANDE3.png\" alt=\"zaions\" class=\"wp-image-18936\" srcset=\"https:\/\/radiostudiow.com.br\/site\/wp-content\/uploads\/2024\/01\/SITE-GRANDE3.png 897w, https:\/\/radiostudiow.com.br\/site\/wp-content\/uploads\/2024\/01\/SITE-GRANDE3-300x68.png 300w, https:\/\/radiostudiow.com.br\/site\/wp-content\/uploads\/2024\/01\/SITE-GRANDE3-768x175.png 768w\" sizes=\"auto, (max-width: 897px) 100vw, 897px\" \/><\/figure>\n\n\n\n<p>Durante o patrulhamento da equipe RPA (R\u00e1dio Patrulha Auto) da Pol\u00edcia Militar recuperou uma motocicleta que havia sido furtada mais cedo e prendeu um suspeito no bairro Rio da Areia por volta das 18 horas deste domingo (12).<\/p>\n\n\n\n<p>A equipe avistou um indiv\u00edduo com caracter\u00edsticas semelhantes \u00e0s do suspeito de envolvimento no furto de uma motocicleta ocorrido mais cedo.\u00a0Diante da fundada suspeita, foi realizada a abordagem.<\/p>\n\n\n\n<p>Durante a abordagem, os policiais localizaram, pendurada no pesco\u00e7o do indiv\u00edduo, uma chave de motocicleta.<\/p>\n\n\n\n<figure class=\"wp-block-image size-full\"><img loading=\"lazy\" decoding=\"async\" width=\"598\" height=\"204\" src=\"https:\/\/radiostudiow.com.br\/site\/wp-content\/uploads\/2024\/10\/labirati.png\" alt=\"\" class=\"wp-image-28854\" srcset=\"https:\/\/radiostudiow.com.br\/site\/wp-content\/uploads\/2024\/10\/labirati.png 598w, https:\/\/radiostudiow.com.br\/site\/wp-content\/uploads\/2024\/10\/labirati-300x102.png 300w\" sizes=\"auto, (max-width: 598px) 100vw, 598px\" \/><\/figure>\n\n\n\n<p>Questionado sobre a origem do objeto, o abordado, de forma espont\u00e2nea e sem qualquer tipo de coa\u00e7\u00e3o f\u00edsica ou moral, relatou ter escondido o ve\u00edculo furtado em um terreno baldio nas proximidades.<\/p>\n\n\n\n<p>Os policiais deslocaram-se imediatamente at\u00e9 o local indicado, onde encontraram a motocicleta.<\/p>\n\n\n\n<p>Diante dos fatos, o ve\u00edculo foi recuperado e o suspeito foi encaminhado \u00e0 4\u00aa Subdivis\u00e3o Policial (4\u00aa SDP) para as provid\u00eancias legais cab\u00edveis.<\/p>\n","protected":false},"excerpt":{"rendered":"<p>Durante o patrulhamento da equipe RPA (R\u00e1dio Patrulha Auto) da Pol\u00edcia Militar recuperou uma motocicleta que havia sido furtada mais cedo e prendeu um suspeito no bairro Rio da Areia por volta das 18 horas deste domingo (12). A equipe avistou um indiv\u00edduo com caracter\u00edsticas semelhantes \u00e0s do suspeito de envolvimento no furto de uma [&hellip;]<\/p>\n","protected":false},"author":2,"featured_media":43485,"comment_status":"open","ping_status":"open","sticky":false,"template":"","format":"standard","meta":{"footnotes":""},"categories":[2],"tags":[172],"class_list":["post-43484","post","type-post","status-publish","format-standard","has-post-thumbnail","hentry","category-policial","tag-featured"],"amp_enabled":true,"_links":{"self":[{"href":"https:\/\/radiostudiow.com.br\/site\/wp-json\/wp\/v2\/posts\/43484","targetHints":{"allow":["GET"]}}],"collection":[{"href":"https:\/\/radiostudiow.com.br\/site\/wp-json\/wp\/v2\/posts"}],"about":[{"href":"https:\/\/radiostudiow.com.br\/site\/wp-json\/wp\/v2\/types\/post"}],"author":[{"embeddable":true,"href":"https:\/\/radiostudiow.com.br\/site\/wp-json\/wp\/v2\/users\/2"}],"replies":[{"embeddable":true,"href":"https:\/\/radiostudiow.com.br\/site\/wp-json\/wp\/v2\/comments?post=43484"}],"version-history":[{"count":1,"href":"https:\/\/radiostudiow.com.br\/site\/wp-json\/wp\/v2\/posts\/43484\/revisions"}],"predecessor-version":[{"id":43486,"href":"https:\/\/radiostudiow.com.br\/site\/wp-json\/wp\/v2\/posts\/43484\/revisions\/43486"}],"wp:featuredmedia":[{"embeddable":true,"href":"https:\/\/radiostudiow.com.br\/site\/wp-json\/wp\/v2\/media\/43485"}],"wp:attachment":[{"href":"https:\/\/radiostudiow.com.br\/site\/wp-json\/wp\/v2\/media?parent=43484"}],"wp:term":[{"taxonomy":"category","embeddable":true,"href":"https:\/\/radiostudiow.com.br\/site\/wp-json\/wp\/v2\/categories?post=43484"},{"taxonomy":"post_tag","embeddable":true,"href":"https:\/\/radiostudiow.com.br\/site\/wp-json\/wp\/v2\/tags?post=43484"}],"curies":[{"name":"wp","href":"https:\/\/api.w.org\/{rel}","templated":true}]}}