{"id":43494,"date":"2025-10-13T17:37:03","date_gmt":"2025-10-13T20:37:03","guid":{"rendered":"https:\/\/radiostudiow.com.br\/site\/?p=43494"},"modified":"2025-10-13T17:37:04","modified_gmt":"2025-10-13T20:37:04","slug":"policia-ambiental-constata-danos-em-vegetacao-nativa-em-reboucas-e-quitandinha","status":"publish","type":"post","link":"https:\/\/radiostudiow.com.br\/site\/2025\/10\/13\/policia-ambiental-constata-danos-em-vegetacao-nativa-em-reboucas-e-quitandinha\/","title":{"rendered":"Pol\u00edcia Ambiental constata danos em vegeta\u00e7\u00e3o nativa em Rebou\u00e7as e Quitandinha"},"content":{"rendered":"\n<p>POL\u00cdCIA AMBIENTAL CONSTATA DANOS EM VEGETA\u00c7\u00c3O NATIVA<\/p>\n\n\n\n<figure class=\"wp-block-gallery has-nested-images columns-default is-cropped wp-block-gallery-1 is-layout-flex wp-block-gallery-is-layout-flex\">\n<figure class=\"wp-block-image size-large\"><img loading=\"lazy\" decoding=\"async\" width=\"300\" height=\"180\" data-id=\"39582\" src=\"https:\/\/radiostudiow.com.br\/site\/wp-content\/uploads\/2025\/06\/PLAY-HALL.png\" alt=\"\" class=\"wp-image-39582\"\/><\/figure>\n\n\n\n<figure class=\"wp-block-image size-large\"><img loading=\"lazy\" decoding=\"async\" width=\"300\" height=\"180\" data-id=\"38684\" src=\"https:\/\/radiostudiow.com.br\/site\/wp-content\/uploads\/2025\/05\/SITE-PEQUENO.jpg\" alt=\"\" class=\"wp-image-38684\"\/><\/figure>\n<\/figure>\n\n\n\n<p>No \u00faltimo s\u00e1bado (11\/10) em atendimentos a den\u00fancias 181, policiais militares ambientais realizaram fiscaliza\u00e7\u00f5es em propriedades rurais nos munic\u00edpios de Rebou\u00e7as e Quitandinha.<br>Em Rebou\u00e7as, na localidade de Riozinho dos Santos, foi constatada destoca de vegeta\u00e7\u00e3o nativa em 1,21 hectare, sem autoriza\u00e7\u00e3o do \u00f3rg\u00e3o ambiental. O respons\u00e1vel foi autuado em R$ 14.000,00, a \u00e1rea foi embargada e o propriet\u00e1rio responder\u00e1 criminalmente.<\/p>\n\n\n\n<p>J\u00e1 em Quitandinha, na localidade de Campestre dos Paulas, os policiais encontraram supress\u00e3o de vegeta\u00e7\u00e3o nativa em \u00e1rea de preserva\u00e7\u00e3o permanente (margem de rio), al\u00e9m da abertura de valetas e cultivo irregular de hortali\u00e7as em 1,22 hectare. O propriet\u00e1rio foi autuado em R$ 17.000,00 e tamb\u00e9m responder\u00e1 criminalmente.<\/p>\n\n\n\n<p>Pol\u00edcia Militar do Paran\u00e1, n\u00f3s fazemos a diferen\u00e7a!<\/p>\n\n\n\n<figure class=\"wp-block-gallery has-nested-images columns-default is-cropped wp-block-gallery-2 is-layout-flex wp-block-gallery-is-layout-flex\">\n<figure class=\"wp-block-image size-large\"><img loading=\"lazy\" decoding=\"async\" width=\"300\" height=\"180\" data-id=\"38014\" src=\"https:\/\/radiostudiow.com.br\/site\/wp-content\/uploads\/2025\/05\/VANE.png\" alt=\"\" class=\"wp-image-38014\"\/><\/figure>\n\n\n\n<figure class=\"wp-block-image size-large\"><img loading=\"lazy\" decoding=\"async\" width=\"300\" height=\"180\" data-id=\"18945\" src=\"https:\/\/radiostudiow.com.br\/site\/wp-content\/uploads\/2024\/01\/SITE-PEQUENO.png\" alt=\"\" class=\"wp-image-18945\"\/><\/figure>\n<\/figure>\n\n\n\n<figure class=\"wp-block-image size-large\"><img loading=\"lazy\" decoding=\"async\" width=\"1024\" height=\"384\" src=\"https:\/\/radiostudiow.com.br\/site\/wp-content\/uploads\/2025\/10\/db48fe81-f38b-466d-b596-14d336672fdd-1024x384.png\" alt=\"\" class=\"wp-image-43496\" srcset=\"https:\/\/radiostudiow.com.br\/site\/wp-content\/uploads\/2025\/10\/db48fe81-f38b-466d-b596-14d336672fdd-1024x384.png 1024w, https:\/\/radiostudiow.com.br\/site\/wp-content\/uploads\/2025\/10\/db48fe81-f38b-466d-b596-14d336672fdd-300x113.png 300w, https:\/\/radiostudiow.com.br\/site\/wp-content\/uploads\/2025\/10\/db48fe81-f38b-466d-b596-14d336672fdd-768x288.png 768w, https:\/\/radiostudiow.com.br\/site\/wp-content\/uploads\/2025\/10\/db48fe81-f38b-466d-b596-14d336672fdd-1536x576.png 1536w, https:\/\/radiostudiow.com.br\/site\/wp-content\/uploads\/2025\/10\/db48fe81-f38b-466d-b596-14d336672fdd-2048x768.png 2048w\" sizes=\"auto, (max-width: 1024px) 100vw, 1024px\" \/><\/figure>\n","protected":false},"excerpt":{"rendered":"<p>POL\u00cdCIA AMBIENTAL CONSTATA DANOS EM VEGETA\u00c7\u00c3O NATIVA No \u00faltimo s\u00e1bado (11\/10) em atendimentos a den\u00fancias 181, policiais militares ambientais realizaram fiscaliza\u00e7\u00f5es em propriedades rurais nos munic\u00edpios de Rebou\u00e7as e Quitandinha.Em Rebou\u00e7as, na localidade de Riozinho dos Santos, foi constatada destoca de vegeta\u00e7\u00e3o nativa em 1,21 hectare, sem autoriza\u00e7\u00e3o do \u00f3rg\u00e3o ambiental. O respons\u00e1vel foi autuado [&hellip;]<\/p>\n","protected":false},"author":2,"featured_media":43495,"comment_status":"open","ping_status":"open","sticky":false,"template":"","format":"standard","meta":{"footnotes":""},"categories":[2],"tags":[172],"class_list":["post-43494","post","type-post","status-publish","format-standard","has-post-thumbnail","hentry","category-policial","tag-featured"],"amp_enabled":true,"_links":{"self":[{"href":"https:\/\/radiostudiow.com.br\/site\/wp-json\/wp\/v2\/posts\/43494","targetHints":{"allow":["GET"]}}],"collection":[{"href":"https:\/\/radiostudiow.com.br\/site\/wp-json\/wp\/v2\/posts"}],"about":[{"href":"https:\/\/radiostudiow.com.br\/site\/wp-json\/wp\/v2\/types\/post"}],"author":[{"embeddable":true,"href":"https:\/\/radiostudiow.com.br\/site\/wp-json\/wp\/v2\/users\/2"}],"replies":[{"embeddable":true,"href":"https:\/\/radiostudiow.com.br\/site\/wp-json\/wp\/v2\/comments?post=43494"}],"version-history":[{"count":2,"href":"https:\/\/radiostudiow.com.br\/site\/wp-json\/wp\/v2\/posts\/43494\/revisions"}],"predecessor-version":[{"id":43517,"href":"https:\/\/radiostudiow.com.br\/site\/wp-json\/wp\/v2\/posts\/43494\/revisions\/43517"}],"wp:featuredmedia":[{"embeddable":true,"href":"https:\/\/radiostudiow.com.br\/site\/wp-json\/wp\/v2\/media\/43495"}],"wp:attachment":[{"href":"https:\/\/radiostudiow.com.br\/site\/wp-json\/wp\/v2\/media?parent=43494"}],"wp:term":[{"taxonomy":"category","embeddable":true,"href":"https:\/\/radiostudiow.com.br\/site\/wp-json\/wp\/v2\/categories?post=43494"},{"taxonomy":"post_tag","embeddable":true,"href":"https:\/\/radiostudiow.com.br\/site\/wp-json\/wp\/v2\/tags?post=43494"}],"curies":[{"name":"wp","href":"https:\/\/api.w.org\/{rel}","templated":true}]}}