{"id":43498,"date":"2025-10-13T17:05:10","date_gmt":"2025-10-13T20:05:10","guid":{"rendered":"https:\/\/radiostudiow.com.br\/site\/?p=43498"},"modified":"2025-10-13T17:05:10","modified_gmt":"2025-10-13T20:05:10","slug":"operacao-conjunta-prende-dois-suspeitos-de-tentativa-de-homicidio-em-porto-uniao","status":"publish","type":"post","link":"https:\/\/radiostudiow.com.br\/site\/2025\/10\/13\/operacao-conjunta-prende-dois-suspeitos-de-tentativa-de-homicidio-em-porto-uniao\/","title":{"rendered":"Opera\u00e7\u00e3o conjunta prende dois suspeitos de tentativa de homic\u00eddio em Porto Uni\u00e3o"},"content":{"rendered":"\n<figure class=\"wp-block-image size-full\"><img loading=\"lazy\" decoding=\"async\" width=\"897\" height=\"204\" src=\"https:\/\/radiostudiow.com.br\/site\/wp-content\/uploads\/2025\/03\/image-62.png\" alt=\"\" class=\"wp-image-35859\" srcset=\"https:\/\/radiostudiow.com.br\/site\/wp-content\/uploads\/2025\/03\/image-62.png 897w, https:\/\/radiostudiow.com.br\/site\/wp-content\/uploads\/2025\/03\/image-62-300x68.png 300w, https:\/\/radiostudiow.com.br\/site\/wp-content\/uploads\/2025\/03\/image-62-768x175.png 768w\" sizes=\"auto, (max-width: 897px) 100vw, 897px\" \/><\/figure>\n\n\n\n<p>A equipe da Pol\u00edcia Civil de Porto Uni\u00e3o, contando com o apoio da Pol\u00edcia Militar, deflagrou na manh\u00e3 desta segunda-feira, 13 de outubro, uma opera\u00e7\u00e3o que resultou no cumprimento de dois mandados de busca e apreens\u00e3o e na pris\u00e3o de tr\u00eas pessoas.<\/p>\n\n\n\n<p>A a\u00e7\u00e3o \u00e9 um desdobramento de uma investiga\u00e7\u00e3o sobre uma tentativa de homic\u00eddio ocorrida recentemente no bairro Santa Rosa.<\/p>\n\n\n\n<p>A colabora\u00e7\u00e3o da Pol\u00edcia Militar foi fundamental para o \u00eaxito da opera\u00e7\u00e3o. Os policiais cumpriram os dois mandados de pris\u00e3o expedidos pela Justi\u00e7a contra os principais suspeitos do atentado contra a vida.<\/p>\n\n\n\n<figure class=\"wp-block-image size-full\"><img loading=\"lazy\" decoding=\"async\" width=\"300\" height=\"180\" src=\"https:\/\/radiostudiow.com.br\/site\/wp-content\/uploads\/2025\/04\/AGRODU.png\" alt=\"\" class=\"wp-image-37219\"\/><\/figure>\n\n\n\n<p>Durante a execu\u00e7\u00e3o dos mandados de busca e apreens\u00e3o, as equipes encontraram entorpecentes e prenderam uma terceira pessoa em flagrante por tr\u00e1fico de drogas no mesmo local.<\/p>\n\n\n\n<p>Ao todo, tr\u00eas indiv\u00edduos foram detidos na opera\u00e7\u00e3o: dois por for\u00e7a dos mandados de pris\u00e3o referentes \u00e0 tentativa de homic\u00eddio e um em flagrante por tr\u00e1fico.<\/p>\n\n\n\n<p>Os presos foram encaminhados \u00e0 Unidade Prisional Avan\u00e7ada, onde permanecem \u00e0 disposi\u00e7\u00e3o do Poder Judici\u00e1rio. A Pol\u00edcia Civil agradeceu o apoio da PM e informou que as investiga\u00e7\u00f5es seguem para finalizar o inqu\u00e9rito sobre a tentativa de homic\u00eddio.<\/p>\n\n\n\n<p><a href=\"mailto:?subject=Opera%C3%A7%C3%A3o%20conjunta%20prende%20dois%20suspeitos%20de%20tentativa%20de%20homic%C3%ADdio&amp;body=https:\/\/www.vvale.com.br\/seguranca\/operacao-conjunta-prende-dois-suspeitos-de-tentativa-de-homicidio\/\" target=\"_blank\" rel=\"noreferrer noopener\"><\/a><\/p>\n","protected":false},"excerpt":{"rendered":"<p>A equipe da Pol\u00edcia Civil de Porto Uni\u00e3o, contando com o apoio da Pol\u00edcia Militar, deflagrou na manh\u00e3 desta segunda-feira, 13 de outubro, uma opera\u00e7\u00e3o que resultou no cumprimento de dois mandados de busca e apreens\u00e3o e na pris\u00e3o de tr\u00eas pessoas. A a\u00e7\u00e3o \u00e9 um desdobramento de uma investiga\u00e7\u00e3o sobre uma tentativa de homic\u00eddio [&hellip;]<\/p>\n","protected":false},"author":2,"featured_media":43500,"comment_status":"open","ping_status":"open","sticky":false,"template":"","format":"standard","meta":{"footnotes":""},"categories":[2],"tags":[172],"class_list":["post-43498","post","type-post","status-publish","format-standard","has-post-thumbnail","hentry","category-policial","tag-featured"],"amp_enabled":true,"_links":{"self":[{"href":"https:\/\/radiostudiow.com.br\/site\/wp-json\/wp\/v2\/posts\/43498","targetHints":{"allow":["GET"]}}],"collection":[{"href":"https:\/\/radiostudiow.com.br\/site\/wp-json\/wp\/v2\/posts"}],"about":[{"href":"https:\/\/radiostudiow.com.br\/site\/wp-json\/wp\/v2\/types\/post"}],"author":[{"embeddable":true,"href":"https:\/\/radiostudiow.com.br\/site\/wp-json\/wp\/v2\/users\/2"}],"replies":[{"embeddable":true,"href":"https:\/\/radiostudiow.com.br\/site\/wp-json\/wp\/v2\/comments?post=43498"}],"version-history":[{"count":1,"href":"https:\/\/radiostudiow.com.br\/site\/wp-json\/wp\/v2\/posts\/43498\/revisions"}],"predecessor-version":[{"id":43501,"href":"https:\/\/radiostudiow.com.br\/site\/wp-json\/wp\/v2\/posts\/43498\/revisions\/43501"}],"wp:featuredmedia":[{"embeddable":true,"href":"https:\/\/radiostudiow.com.br\/site\/wp-json\/wp\/v2\/media\/43500"}],"wp:attachment":[{"href":"https:\/\/radiostudiow.com.br\/site\/wp-json\/wp\/v2\/media?parent=43498"}],"wp:term":[{"taxonomy":"category","embeddable":true,"href":"https:\/\/radiostudiow.com.br\/site\/wp-json\/wp\/v2\/categories?post=43498"},{"taxonomy":"post_tag","embeddable":true,"href":"https:\/\/radiostudiow.com.br\/site\/wp-json\/wp\/v2\/tags?post=43498"}],"curies":[{"name":"wp","href":"https:\/\/api.w.org\/{rel}","templated":true}]}}