{"id":43506,"date":"2025-10-13T17:28:16","date_gmt":"2025-10-13T20:28:16","guid":{"rendered":"https:\/\/radiostudiow.com.br\/site\/?p=43506"},"modified":"2025-10-13T17:28:17","modified_gmt":"2025-10-13T20:28:17","slug":"mais-de-11-toneladas-de-maconha-sao-apreendidas-na-br-277-em-palmeira","status":"publish","type":"post","link":"https:\/\/radiostudiow.com.br\/site\/2025\/10\/13\/mais-de-11-toneladas-de-maconha-sao-apreendidas-na-br-277-em-palmeira\/","title":{"rendered":"Mais de 11 toneladas de maconha s\u00e3o apreendidas na BR-277 em Palmeira"},"content":{"rendered":"\n<figure class=\"wp-block-image size-full\"><img loading=\"lazy\" decoding=\"async\" width=\"897\" height=\"204\" src=\"https:\/\/radiostudiow.com.br\/site\/wp-content\/uploads\/2025\/03\/BARAO-NOVO-NOTICIAS-1.jpg\" alt=\"\" class=\"wp-image-35084\" srcset=\"https:\/\/radiostudiow.com.br\/site\/wp-content\/uploads\/2025\/03\/BARAO-NOVO-NOTICIAS-1.jpg 897w, https:\/\/radiostudiow.com.br\/site\/wp-content\/uploads\/2025\/03\/BARAO-NOVO-NOTICIAS-1-300x68.jpg 300w, https:\/\/radiostudiow.com.br\/site\/wp-content\/uploads\/2025\/03\/BARAO-NOVO-NOTICIAS-1-768x175.jpg 768w\" sizes=\"auto, (max-width: 897px) 100vw, 897px\" \/><\/figure>\n\n\n\n<p>Um caminh\u00e3o que transportava mais de\u00a011 toneladas de maconha\u00a0e\u00a013,5 quilos de haxixe\u00a0foi interceptado na\u00a0BR-277, em\u00a0Palmeira, nos Campos Gerais do Paran\u00e1 na tarde de domingo (12). A a\u00e7\u00e3o foi realizada em conjunto por equipes da\u00a0Pol\u00edcia Rodovi\u00e1ria Estadual\u00a0e da\u00a0Pol\u00edcia Federal de Ponta Grossa.<\/p>\n\n\n\n<p>Dois caminh\u00f5es cont\u00eaineres vindos de\u00a0Foz do Igua\u00e7u\u00a0com destino ao\u00a0porto de Santos (SP)\u00a0foram abordados durante a opera\u00e7\u00e3o. Um dos ve\u00edculos estava vazio, mas no outro, caixas de papel\u00e3o chamaram aten\u00e7\u00e3o das equipes. Ap\u00f3s inspe\u00e7\u00e3o, foram encontrados\u00a0tabletes de maconha prensada\u00a0e\u00a0haxixe, totalizando\u00a011.268 quilos de maconha\u00a0e\u00a013,5 quilos de haxixe.<\/p>\n\n\n\n<figure class=\"wp-block-image size-large is-resized\"><img loading=\"lazy\" decoding=\"async\" width=\"1024\" height=\"614\" src=\"https:\/\/radiostudiow.com.br\/site\/wp-content\/uploads\/2025\/05\/5914fcac-c2b4-4795-a120-dc162c4a6466-1024x614.jpg\" alt=\"\" class=\"wp-image-38784\" style=\"width:415px;height:auto\" srcset=\"https:\/\/radiostudiow.com.br\/site\/wp-content\/uploads\/2025\/05\/5914fcac-c2b4-4795-a120-dc162c4a6466-1024x614.jpg 1024w, https:\/\/radiostudiow.com.br\/site\/wp-content\/uploads\/2025\/05\/5914fcac-c2b4-4795-a120-dc162c4a6466-300x180.jpg 300w, https:\/\/radiostudiow.com.br\/site\/wp-content\/uploads\/2025\/05\/5914fcac-c2b4-4795-a120-dc162c4a6466-768x460.jpg 768w, https:\/\/radiostudiow.com.br\/site\/wp-content\/uploads\/2025\/05\/5914fcac-c2b4-4795-a120-dc162c4a6466-1536x921.jpg 1536w, https:\/\/radiostudiow.com.br\/site\/wp-content\/uploads\/2025\/05\/5914fcac-c2b4-4795-a120-dc162c4a6466-1000x600.jpg 1000w, https:\/\/radiostudiow.com.br\/site\/wp-content\/uploads\/2025\/05\/5914fcac-c2b4-4795-a120-dc162c4a6466-590x354.jpg 590w, https:\/\/radiostudiow.com.br\/site\/wp-content\/uploads\/2025\/05\/5914fcac-c2b4-4795-a120-dc162c4a6466-400x240.jpg 400w, https:\/\/radiostudiow.com.br\/site\/wp-content\/uploads\/2025\/05\/5914fcac-c2b4-4795-a120-dc162c4a6466.jpg 1600w\" sizes=\"auto, (max-width: 1024px) 100vw, 1024px\" \/><\/figure>\n\n\n\n<p>Segundo informa\u00e7\u00f5es das autoridades, trata-se da\u00a0maior apreens\u00e3o de drogas da hist\u00f3ria do Batalh\u00e3o da Pol\u00edcia Militar Rodovi\u00e1ria\u00a0e da\u00a0maior do ano no Paran\u00e1, com um\u00a0preju\u00edzo estimado de R$ 23 milh\u00f5es\u00a0ao tr\u00e1fico.<\/p>\n\n\n\n<p>O motorista, de 36 anos, foi preso e encaminhado \u00e0\u00a0Delegacia da Pol\u00edcia Federal de Ponta Grossa, onde foi formalizado o flagrante por\u00a0tr\u00e1fico de drogas.<\/p>\n\n\n\n<p class=\"has-text-align-center\"><em>Da reda\u00e7\u00e3o com informa\u00e7\u00f5es da PRE<\/em><\/p>\n\n\n\n<figure class=\"wp-block-image size-large\"><img loading=\"lazy\" decoding=\"async\" width=\"1024\" height=\"785\" src=\"https:\/\/radiostudiow.com.br\/site\/wp-content\/uploads\/2025\/10\/image-31-1024x785.png\" alt=\"\" class=\"wp-image-43509\" srcset=\"https:\/\/radiostudiow.com.br\/site\/wp-content\/uploads\/2025\/10\/image-31-1024x785.png 1024w, https:\/\/radiostudiow.com.br\/site\/wp-content\/uploads\/2025\/10\/image-31-300x230.png 300w, https:\/\/radiostudiow.com.br\/site\/wp-content\/uploads\/2025\/10\/image-31-768x589.png 768w, https:\/\/radiostudiow.com.br\/site\/wp-content\/uploads\/2025\/10\/image-31.png 1200w\" sizes=\"auto, (max-width: 1024px) 100vw, 1024px\" \/><\/figure>\n","protected":false},"excerpt":{"rendered":"<p>Um caminh\u00e3o que transportava mais de\u00a011 toneladas de maconha\u00a0e\u00a013,5 quilos de haxixe\u00a0foi interceptado na\u00a0BR-277, em\u00a0Palmeira, nos Campos Gerais do Paran\u00e1 na tarde de domingo (12). A a\u00e7\u00e3o foi realizada em conjunto por equipes da\u00a0Pol\u00edcia Rodovi\u00e1ria Estadual\u00a0e da\u00a0Pol\u00edcia Federal de Ponta Grossa. Dois caminh\u00f5es cont\u00eaineres vindos de\u00a0Foz do Igua\u00e7u\u00a0com destino ao\u00a0porto de Santos (SP)\u00a0foram abordados durante [&hellip;]<\/p>\n","protected":false},"author":2,"featured_media":43508,"comment_status":"open","ping_status":"open","sticky":false,"template":"","format":"standard","meta":{"footnotes":""},"categories":[2],"tags":[172],"class_list":["post-43506","post","type-post","status-publish","format-standard","has-post-thumbnail","hentry","category-policial","tag-featured"],"amp_enabled":true,"_links":{"self":[{"href":"https:\/\/radiostudiow.com.br\/site\/wp-json\/wp\/v2\/posts\/43506","targetHints":{"allow":["GET"]}}],"collection":[{"href":"https:\/\/radiostudiow.com.br\/site\/wp-json\/wp\/v2\/posts"}],"about":[{"href":"https:\/\/radiostudiow.com.br\/site\/wp-json\/wp\/v2\/types\/post"}],"author":[{"embeddable":true,"href":"https:\/\/radiostudiow.com.br\/site\/wp-json\/wp\/v2\/users\/2"}],"replies":[{"embeddable":true,"href":"https:\/\/radiostudiow.com.br\/site\/wp-json\/wp\/v2\/comments?post=43506"}],"version-history":[{"count":1,"href":"https:\/\/radiostudiow.com.br\/site\/wp-json\/wp\/v2\/posts\/43506\/revisions"}],"predecessor-version":[{"id":43510,"href":"https:\/\/radiostudiow.com.br\/site\/wp-json\/wp\/v2\/posts\/43506\/revisions\/43510"}],"wp:featuredmedia":[{"embeddable":true,"href":"https:\/\/radiostudiow.com.br\/site\/wp-json\/wp\/v2\/media\/43508"}],"wp:attachment":[{"href":"https:\/\/radiostudiow.com.br\/site\/wp-json\/wp\/v2\/media?parent=43506"}],"wp:term":[{"taxonomy":"category","embeddable":true,"href":"https:\/\/radiostudiow.com.br\/site\/wp-json\/wp\/v2\/categories?post=43506"},{"taxonomy":"post_tag","embeddable":true,"href":"https:\/\/radiostudiow.com.br\/site\/wp-json\/wp\/v2\/tags?post=43506"}],"curies":[{"name":"wp","href":"https:\/\/api.w.org\/{rel}","templated":true}]}}