{"id":43530,"date":"2025-10-14T10:38:29","date_gmt":"2025-10-14T13:38:29","guid":{"rendered":"https:\/\/radiostudiow.com.br\/site\/?p=43530"},"modified":"2025-10-14T10:38:29","modified_gmt":"2025-10-14T13:38:29","slug":"policia-militar-cumpre-mandado-de-prisao-no-centro-de-mallet","status":"publish","type":"post","link":"https:\/\/radiostudiow.com.br\/site\/2025\/10\/14\/policia-militar-cumpre-mandado-de-prisao-no-centro-de-mallet\/","title":{"rendered":"Pol\u00edcia Militar cumpre mandado de pris\u00e3o no centro de Mallet"},"content":{"rendered":"\n<figure class=\"wp-block-image size-full\"><img loading=\"lazy\" decoding=\"async\" width=\"897\" height=\"204\" src=\"https:\/\/radiostudiow.com.br\/site\/wp-content\/uploads\/2025\/03\/image-62.png\" alt=\"\" class=\"wp-image-35859\" srcset=\"https:\/\/radiostudiow.com.br\/site\/wp-content\/uploads\/2025\/03\/image-62.png 897w, https:\/\/radiostudiow.com.br\/site\/wp-content\/uploads\/2025\/03\/image-62-300x68.png 300w, https:\/\/radiostudiow.com.br\/site\/wp-content\/uploads\/2025\/03\/image-62-768x175.png 768w\" sizes=\"auto, (max-width: 897px) 100vw, 897px\" \/><\/figure>\n\n\n\n<p>Na tarde desta segunda-feira, dia 13 de outubro de 2025, por volta das 14h20, uma equipe do 3\u00ba Pelot\u00e3o da Pol\u00edcia Militar Cabo Abra\u00e3o Kanclarovicz realizou o cumprimento de um mandado de pris\u00e3o na \u00e1rea central de Mallet.<\/p>\n\n\n\n<p>A a\u00e7\u00e3o ocorreu ap\u00f3s a equipe policial tomar ci\u00eancia do mandado judicial expedido em desfavor de um homem. O suspeito foi localizado e abordado nas proximidades de um im\u00f3vel. Durante a busca pessoal, nenhum objeto il\u00edcito foi encontrado.<\/p>\n\n\n\n<p>O indiv\u00edduo recebeu voz de pris\u00e3o e foi encaminhado \u00e0 Delegacia de Pol\u00edcia Civil, onde permanece \u00e0 disposi\u00e7\u00e3o da Justi\u00e7a para as medidas legais cab\u00edveis.<\/p>\n\n\n\n<figure class=\"wp-block-image size-full\"><img loading=\"lazy\" decoding=\"async\" width=\"897\" height=\"204\" src=\"https:\/\/radiostudiow.com.br\/site\/wp-content\/uploads\/2024\/01\/SITE-GRANDE3.png\" alt=\"zaions\" class=\"wp-image-18936\" srcset=\"https:\/\/radiostudiow.com.br\/site\/wp-content\/uploads\/2024\/01\/SITE-GRANDE3.png 897w, https:\/\/radiostudiow.com.br\/site\/wp-content\/uploads\/2024\/01\/SITE-GRANDE3-300x68.png 300w, https:\/\/radiostudiow.com.br\/site\/wp-content\/uploads\/2024\/01\/SITE-GRANDE3-768x175.png 768w\" sizes=\"auto, (max-width: 897px) 100vw, 897px\" \/><\/figure>\n\n\n\n<p>A Pol\u00edcia Militar destaca a import\u00e2ncia da colabora\u00e7\u00e3o da comunidade nas a\u00e7\u00f5es de seguran\u00e7a. Todo cidad\u00e3o de bem pode contribuir com a Justi\u00e7a, denunciando situa\u00e7\u00f5es suspeitas ou pr\u00e1ticas criminosas por meio do Disque-Den\u00fancia 181 \u2014 um canal gratuito, an\u00f4nimo e sigiloso, dispon\u00edvel em todo o estado do Paran\u00e1.<\/p>\n\n\n\n<p>Essas a\u00e7\u00f5es refor\u00e7am o compromisso da Pol\u00edcia Militar com a manuten\u00e7\u00e3o da ordem p\u00fablica e o cumprimento das decis\u00f5es judiciais, garantindo mais seguran\u00e7a e tranquilidade \u00e0 popula\u00e7\u00e3o malletense.<\/p>\n","protected":false},"excerpt":{"rendered":"<p>Na tarde desta segunda-feira, dia 13 de outubro de 2025, por volta das 14h20, uma equipe do 3\u00ba Pelot\u00e3o da Pol\u00edcia Militar Cabo Abra\u00e3o Kanclarovicz realizou o cumprimento de um mandado de pris\u00e3o na \u00e1rea central de Mallet. A a\u00e7\u00e3o ocorreu ap\u00f3s a equipe policial tomar ci\u00eancia do mandado judicial expedido em desfavor de um [&hellip;]<\/p>\n","protected":false},"author":2,"featured_media":17329,"comment_status":"open","ping_status":"open","sticky":false,"template":"","format":"standard","meta":{"footnotes":""},"categories":[2],"tags":[172],"class_list":["post-43530","post","type-post","status-publish","format-standard","has-post-thumbnail","hentry","category-policial","tag-featured"],"amp_enabled":true,"_links":{"self":[{"href":"https:\/\/radiostudiow.com.br\/site\/wp-json\/wp\/v2\/posts\/43530","targetHints":{"allow":["GET"]}}],"collection":[{"href":"https:\/\/radiostudiow.com.br\/site\/wp-json\/wp\/v2\/posts"}],"about":[{"href":"https:\/\/radiostudiow.com.br\/site\/wp-json\/wp\/v2\/types\/post"}],"author":[{"embeddable":true,"href":"https:\/\/radiostudiow.com.br\/site\/wp-json\/wp\/v2\/users\/2"}],"replies":[{"embeddable":true,"href":"https:\/\/radiostudiow.com.br\/site\/wp-json\/wp\/v2\/comments?post=43530"}],"version-history":[{"count":1,"href":"https:\/\/radiostudiow.com.br\/site\/wp-json\/wp\/v2\/posts\/43530\/revisions"}],"predecessor-version":[{"id":43531,"href":"https:\/\/radiostudiow.com.br\/site\/wp-json\/wp\/v2\/posts\/43530\/revisions\/43531"}],"wp:featuredmedia":[{"embeddable":true,"href":"https:\/\/radiostudiow.com.br\/site\/wp-json\/wp\/v2\/media\/17329"}],"wp:attachment":[{"href":"https:\/\/radiostudiow.com.br\/site\/wp-json\/wp\/v2\/media?parent=43530"}],"wp:term":[{"taxonomy":"category","embeddable":true,"href":"https:\/\/radiostudiow.com.br\/site\/wp-json\/wp\/v2\/categories?post=43530"},{"taxonomy":"post_tag","embeddable":true,"href":"https:\/\/radiostudiow.com.br\/site\/wp-json\/wp\/v2\/tags?post=43530"}],"curies":[{"name":"wp","href":"https:\/\/api.w.org\/{rel}","templated":true}]}}