{"id":43532,"date":"2025-10-14T10:49:51","date_gmt":"2025-10-14T13:49:51","guid":{"rendered":"https:\/\/radiostudiow.com.br\/site\/?p=43532"},"modified":"2025-10-14T10:49:52","modified_gmt":"2025-10-14T13:49:52","slug":"policia-militar-cumpre-mandado-de-prisao-em-general-carneiro-4","status":"publish","type":"post","link":"https:\/\/radiostudiow.com.br\/site\/2025\/10\/14\/policia-militar-cumpre-mandado-de-prisao-em-general-carneiro-4\/","title":{"rendered":"Pol\u00edcia Militar cumpre mandado de pris\u00e3o em General Carneiro"},"content":{"rendered":"\n<figure class=\"wp-block-image size-full\"><img loading=\"lazy\" decoding=\"async\" width=\"897\" height=\"204\" src=\"https:\/\/radiostudiow.com.br\/site\/wp-content\/uploads\/2025\/03\/BARAO-NOVO-NOTICIAS-1.jpg\" alt=\"\" class=\"wp-image-35084\" srcset=\"https:\/\/radiostudiow.com.br\/site\/wp-content\/uploads\/2025\/03\/BARAO-NOVO-NOTICIAS-1.jpg 897w, https:\/\/radiostudiow.com.br\/site\/wp-content\/uploads\/2025\/03\/BARAO-NOVO-NOTICIAS-1-300x68.jpg 300w, https:\/\/radiostudiow.com.br\/site\/wp-content\/uploads\/2025\/03\/BARAO-NOVO-NOTICIAS-1-768x175.jpg 768w\" sizes=\"auto, (max-width: 897px) 100vw, 897px\" \/><\/figure>\n\n\n\n<p>A equipe da Pol\u00edcia Militar de General Carneiro cumpriu um mandado de pris\u00e3o na \u00e1rea central da cidade por volta das 09 horas dessa segunda-feira (13).<\/p>\n\n\n\n<p>A a\u00e7\u00e3o ocorreu em uma unidade local de policiamento ap\u00f3s a averigua\u00e7\u00e3o de rotina. <\/p>\n\n\n\n<p>Durante o procedimento, foi constatada a exist\u00eancia de um mandado de pris\u00e3o ativo contra um masculnio que compareceu ao local.<\/p>\n\n\n\n<figure class=\"wp-block-image size-full\"><img loading=\"lazy\" decoding=\"async\" width=\"300\" height=\"180\" src=\"https:\/\/radiostudiow.com.br\/site\/wp-content\/uploads\/2025\/06\/PLAY-HALL.png\" alt=\"\" class=\"wp-image-39582\"\/><\/figure>\n\n\n\n<p>O mandado estava expedido pela Vara da Fam\u00edlia e Sucess\u00f5es, com validade at\u00e9 outubro de 2026.<\/p>\n\n\n\n<p>Ap\u00f3s a confirma\u00e7\u00e3o, foi dada voz de pris\u00e3o ao cidad\u00e3o e posteriormente encaminhado ao sistema prisional para as provid\u00eancias cab\u00edveis pela justi\u00e7a.<\/p>\n","protected":false},"excerpt":{"rendered":"<p>A equipe da Pol\u00edcia Militar de General Carneiro cumpriu um mandado de pris\u00e3o na \u00e1rea central da cidade por volta das 09 horas dessa segunda-feira (13). A a\u00e7\u00e3o ocorreu em uma unidade local de policiamento ap\u00f3s a averigua\u00e7\u00e3o de rotina. Durante o procedimento, foi constatada a exist\u00eancia de um mandado de pris\u00e3o ativo contra um [&hellip;]<\/p>\n","protected":false},"author":2,"featured_media":11361,"comment_status":"open","ping_status":"open","sticky":false,"template":"","format":"standard","meta":{"footnotes":""},"categories":[2],"tags":[172],"class_list":["post-43532","post","type-post","status-publish","format-standard","has-post-thumbnail","hentry","category-policial","tag-featured"],"amp_enabled":true,"_links":{"self":[{"href":"https:\/\/radiostudiow.com.br\/site\/wp-json\/wp\/v2\/posts\/43532","targetHints":{"allow":["GET"]}}],"collection":[{"href":"https:\/\/radiostudiow.com.br\/site\/wp-json\/wp\/v2\/posts"}],"about":[{"href":"https:\/\/radiostudiow.com.br\/site\/wp-json\/wp\/v2\/types\/post"}],"author":[{"embeddable":true,"href":"https:\/\/radiostudiow.com.br\/site\/wp-json\/wp\/v2\/users\/2"}],"replies":[{"embeddable":true,"href":"https:\/\/radiostudiow.com.br\/site\/wp-json\/wp\/v2\/comments?post=43532"}],"version-history":[{"count":1,"href":"https:\/\/radiostudiow.com.br\/site\/wp-json\/wp\/v2\/posts\/43532\/revisions"}],"predecessor-version":[{"id":43533,"href":"https:\/\/radiostudiow.com.br\/site\/wp-json\/wp\/v2\/posts\/43532\/revisions\/43533"}],"wp:featuredmedia":[{"embeddable":true,"href":"https:\/\/radiostudiow.com.br\/site\/wp-json\/wp\/v2\/media\/11361"}],"wp:attachment":[{"href":"https:\/\/radiostudiow.com.br\/site\/wp-json\/wp\/v2\/media?parent=43532"}],"wp:term":[{"taxonomy":"category","embeddable":true,"href":"https:\/\/radiostudiow.com.br\/site\/wp-json\/wp\/v2\/categories?post=43532"},{"taxonomy":"post_tag","embeddable":true,"href":"https:\/\/radiostudiow.com.br\/site\/wp-json\/wp\/v2\/tags?post=43532"}],"curies":[{"name":"wp","href":"https:\/\/api.w.org\/{rel}","templated":true}]}}