{"id":43534,"date":"2025-10-14T11:16:07","date_gmt":"2025-10-14T14:16:07","guid":{"rendered":"https:\/\/radiostudiow.com.br\/site\/?p=43534"},"modified":"2025-10-14T11:16:07","modified_gmt":"2025-10-14T14:16:07","slug":"policia-militar-prende-prende-um-homem-por-crime-de-trafico-de-drogas","status":"publish","type":"post","link":"https:\/\/radiostudiow.com.br\/site\/2025\/10\/14\/policia-militar-prende-prende-um-homem-por-crime-de-trafico-de-drogas\/","title":{"rendered":"Pol\u00edcia Militar prende prende um homem por crime de tr\u00e1fico de drogas"},"content":{"rendered":"\n<figure class=\"wp-block-image size-full\"><img loading=\"lazy\" decoding=\"async\" width=\"897\" height=\"204\" src=\"https:\/\/radiostudiow.com.br\/site\/wp-content\/uploads\/2025\/02\/SITE-GRANDE7.png\" alt=\"\" class=\"wp-image-33861\" srcset=\"https:\/\/radiostudiow.com.br\/site\/wp-content\/uploads\/2025\/02\/SITE-GRANDE7.png 897w, https:\/\/radiostudiow.com.br\/site\/wp-content\/uploads\/2025\/02\/SITE-GRANDE7-300x68.png 300w, https:\/\/radiostudiow.com.br\/site\/wp-content\/uploads\/2025\/02\/SITE-GRANDE7-768x175.png 768w\" sizes=\"auto, (max-width: 897px) 100vw, 897px\" \/><\/figure>\n\n\n\n<p>A equipe da Pol\u00edcia Militar de S\u00e3o Mateus do Sul estava em patrulhamento, momento que flagrou dois indiv\u00edduos em atitude suspeita por volta das 20 horas dessa segunda-feira (13).<\/p>\n\n\n\n<p>Um dos suspeitos tentou fugir e o outro descartou um objeto ao ch\u00e3o.<\/p>\n\n\n\n<p>O material foi identificado como subst\u00e2ncia an\u00e1loga \u00e0 maconha. Na resid\u00eancia do abordado, foram<br>encontrados mais entorpecentes, balan\u00e7a de precis\u00e3o, sacos para embalagem e um<br>celular.<\/p>\n\n\n\n<p>O suspeito fazia uso de tornozeleira eletr\u00f4nica por tr\u00e1fico de drogas. Diante dos fatos, ele foi preso e encaminhado \u00e0 delegacia.<\/p>\n\n\n\n<figure class=\"wp-block-image size-full\"><img loading=\"lazy\" decoding=\"async\" width=\"300\" height=\"180\" src=\"https:\/\/radiostudiow.com.br\/site\/wp-content\/uploads\/2025\/05\/VANE.png\" alt=\"\" class=\"wp-image-38014\"\/><\/figure>\n","protected":false},"excerpt":{"rendered":"<p>A equipe da Pol\u00edcia Militar de S\u00e3o Mateus do Sul estava em patrulhamento, momento que flagrou dois indiv\u00edduos em atitude suspeita por volta das 20 horas dessa segunda-feira (13). Um dos suspeitos tentou fugir e o outro descartou um objeto ao ch\u00e3o. O material foi identificado como subst\u00e2ncia an\u00e1loga \u00e0 maconha. Na resid\u00eancia do abordado, [&hellip;]<\/p>\n","protected":false},"author":2,"featured_media":43536,"comment_status":"open","ping_status":"open","sticky":false,"template":"","format":"standard","meta":{"footnotes":""},"categories":[2],"tags":[172],"class_list":["post-43534","post","type-post","status-publish","format-standard","has-post-thumbnail","hentry","category-policial","tag-featured"],"amp_enabled":true,"_links":{"self":[{"href":"https:\/\/radiostudiow.com.br\/site\/wp-json\/wp\/v2\/posts\/43534","targetHints":{"allow":["GET"]}}],"collection":[{"href":"https:\/\/radiostudiow.com.br\/site\/wp-json\/wp\/v2\/posts"}],"about":[{"href":"https:\/\/radiostudiow.com.br\/site\/wp-json\/wp\/v2\/types\/post"}],"author":[{"embeddable":true,"href":"https:\/\/radiostudiow.com.br\/site\/wp-json\/wp\/v2\/users\/2"}],"replies":[{"embeddable":true,"href":"https:\/\/radiostudiow.com.br\/site\/wp-json\/wp\/v2\/comments?post=43534"}],"version-history":[{"count":2,"href":"https:\/\/radiostudiow.com.br\/site\/wp-json\/wp\/v2\/posts\/43534\/revisions"}],"predecessor-version":[{"id":43538,"href":"https:\/\/radiostudiow.com.br\/site\/wp-json\/wp\/v2\/posts\/43534\/revisions\/43538"}],"wp:featuredmedia":[{"embeddable":true,"href":"https:\/\/radiostudiow.com.br\/site\/wp-json\/wp\/v2\/media\/43536"}],"wp:attachment":[{"href":"https:\/\/radiostudiow.com.br\/site\/wp-json\/wp\/v2\/media?parent=43534"}],"wp:term":[{"taxonomy":"category","embeddable":true,"href":"https:\/\/radiostudiow.com.br\/site\/wp-json\/wp\/v2\/categories?post=43534"},{"taxonomy":"post_tag","embeddable":true,"href":"https:\/\/radiostudiow.com.br\/site\/wp-json\/wp\/v2\/tags?post=43534"}],"curies":[{"name":"wp","href":"https:\/\/api.w.org\/{rel}","templated":true}]}}