{"id":43609,"date":"2025-10-15T11:40:29","date_gmt":"2025-10-15T14:40:29","guid":{"rendered":"https:\/\/radiostudiow.com.br\/site\/?p=43609"},"modified":"2025-10-15T11:40:29","modified_gmt":"2025-10-15T14:40:29","slug":"policia-militar-recupera-motocicleta-com-alerta-de-furto-em-paulo-frontin","status":"publish","type":"post","link":"https:\/\/radiostudiow.com.br\/site\/2025\/10\/15\/policia-militar-recupera-motocicleta-com-alerta-de-furto-em-paulo-frontin\/","title":{"rendered":"Pol\u00edcia Militar recupera motocicleta com alerta de furto em Paulo Frontin"},"content":{"rendered":"\n<figure class=\"wp-block-image size-full\"><img loading=\"lazy\" decoding=\"async\" width=\"897\" height=\"204\" src=\"https:\/\/radiostudiow.com.br\/site\/wp-content\/uploads\/2025\/03\/image-62.png\" alt=\"\" class=\"wp-image-35859\" srcset=\"https:\/\/radiostudiow.com.br\/site\/wp-content\/uploads\/2025\/03\/image-62.png 897w, https:\/\/radiostudiow.com.br\/site\/wp-content\/uploads\/2025\/03\/image-62-300x68.png 300w, https:\/\/radiostudiow.com.br\/site\/wp-content\/uploads\/2025\/03\/image-62-768x175.png 768w\" sizes=\"auto, (max-width: 897px) 100vw, 897px\" \/><\/figure>\n\n\n\n<p>A equipe da Pol\u00edcia Militar de Paulo Frontin foi acionada via COPOM para verificar uma motocicleta com<br>alerta de furto\/roubo que estava na Rodovia BR-153. A situa\u00e7\u00e3o foi registrada por volta das 14h30min dessa ter\u00e7a-feira (14).<\/p>\n\n\n\n<p>Os ocupantes foram abordos, em revista pessoal nada de il\u00edcito foi encontrado com eles, por\u00e9m em consulta via sistemas informatizados, a placa e o chassi da motocicleta indicavam que era um ve\u00edculo furtado.<\/p>\n\n\n\n<p>A motocicleta e os ocupantes foram encaminhados a Delegacia Regional de Mallet para provid\u00eancias legais.<\/p>\n\n\n\n<figure class=\"wp-block-image size-full\"><img loading=\"lazy\" decoding=\"async\" width=\"897\" height=\"204\" src=\"https:\/\/radiostudiow.com.br\/site\/wp-content\/uploads\/2025\/05\/NUTRI-MALLET.png\" alt=\"\" class=\"wp-image-37813\" srcset=\"https:\/\/radiostudiow.com.br\/site\/wp-content\/uploads\/2025\/05\/NUTRI-MALLET.png 897w, https:\/\/radiostudiow.com.br\/site\/wp-content\/uploads\/2025\/05\/NUTRI-MALLET-300x68.png 300w, https:\/\/radiostudiow.com.br\/site\/wp-content\/uploads\/2025\/05\/NUTRI-MALLET-768x175.png 768w\" sizes=\"auto, (max-width: 897px) 100vw, 897px\" \/><\/figure>\n","protected":false},"excerpt":{"rendered":"<p>A equipe da Pol\u00edcia Militar de Paulo Frontin foi acionada via COPOM para verificar uma motocicleta comalerta de furto\/roubo que estava na Rodovia BR-153. A situa\u00e7\u00e3o foi registrada por volta das 14h30min dessa ter\u00e7a-feira (14). Os ocupantes foram abordos, em revista pessoal nada de il\u00edcito foi encontrado com eles, por\u00e9m em consulta via sistemas informatizados, [&hellip;]<\/p>\n","protected":false},"author":2,"featured_media":35444,"comment_status":"open","ping_status":"open","sticky":false,"template":"","format":"standard","meta":{"footnotes":""},"categories":[2],"tags":[172],"class_list":["post-43609","post","type-post","status-publish","format-standard","has-post-thumbnail","hentry","category-policial","tag-featured"],"amp_enabled":true,"_links":{"self":[{"href":"https:\/\/radiostudiow.com.br\/site\/wp-json\/wp\/v2\/posts\/43609","targetHints":{"allow":["GET"]}}],"collection":[{"href":"https:\/\/radiostudiow.com.br\/site\/wp-json\/wp\/v2\/posts"}],"about":[{"href":"https:\/\/radiostudiow.com.br\/site\/wp-json\/wp\/v2\/types\/post"}],"author":[{"embeddable":true,"href":"https:\/\/radiostudiow.com.br\/site\/wp-json\/wp\/v2\/users\/2"}],"replies":[{"embeddable":true,"href":"https:\/\/radiostudiow.com.br\/site\/wp-json\/wp\/v2\/comments?post=43609"}],"version-history":[{"count":1,"href":"https:\/\/radiostudiow.com.br\/site\/wp-json\/wp\/v2\/posts\/43609\/revisions"}],"predecessor-version":[{"id":43610,"href":"https:\/\/radiostudiow.com.br\/site\/wp-json\/wp\/v2\/posts\/43609\/revisions\/43610"}],"wp:featuredmedia":[{"embeddable":true,"href":"https:\/\/radiostudiow.com.br\/site\/wp-json\/wp\/v2\/media\/35444"}],"wp:attachment":[{"href":"https:\/\/radiostudiow.com.br\/site\/wp-json\/wp\/v2\/media?parent=43609"}],"wp:term":[{"taxonomy":"category","embeddable":true,"href":"https:\/\/radiostudiow.com.br\/site\/wp-json\/wp\/v2\/categories?post=43609"},{"taxonomy":"post_tag","embeddable":true,"href":"https:\/\/radiostudiow.com.br\/site\/wp-json\/wp\/v2\/tags?post=43609"}],"curies":[{"name":"wp","href":"https:\/\/api.w.org\/{rel}","templated":true}]}}