{"id":43617,"date":"2025-10-16T10:37:53","date_gmt":"2025-10-16T13:37:53","guid":{"rendered":"https:\/\/radiostudiow.com.br\/site\/?p=43617"},"modified":"2025-10-16T10:37:53","modified_gmt":"2025-10-16T13:37:53","slug":"jovem-passa-12-anos-em-carcere-privado-dentro-da-propria-casa","status":"publish","type":"post","link":"https:\/\/radiostudiow.com.br\/site\/2025\/10\/16\/jovem-passa-12-anos-em-carcere-privado-dentro-da-propria-casa\/","title":{"rendered":"Jovem passa 12 anos em c\u00e1rcere privado dentro da pr\u00f3pria casa"},"content":{"rendered":"\n<p>Uma jovem foi resgatada em Rio Negrinho (SC) ap\u00f3s viver 12 anos em c\u00e1rcere privado, sendo v\u00edtima de abusos dentro da pr\u00f3pria casa.<\/p>\n\n\n\n<p>O caso foi descoberto depois que a v\u00edtima, agora maior de idade, conseguiu relatar a situa\u00e7\u00e3o na escola. A den\u00fancia levou a Pol\u00edcia Civil a investigar e prender o padrasto na quinta-feira (09).<\/p>\n\n\n\n<p>Segundo a pol\u00edcia, o homem mantinha a jovem isolada e s\u00f3 permitia contato com outras pessoas durante as aulas, sempre sob vigil\u00e2ncia.<\/p>\n\n\n\n<figure class=\"wp-block-image size-full\"><img loading=\"lazy\" decoding=\"async\" width=\"897\" height=\"207\" src=\"https:\/\/radiostudiow.com.br\/site\/wp-content\/uploads\/2025\/07\/TIJOLAO.png\" alt=\"\" class=\"wp-image-40184\" srcset=\"https:\/\/radiostudiow.com.br\/site\/wp-content\/uploads\/2025\/07\/TIJOLAO.png 897w, https:\/\/radiostudiow.com.br\/site\/wp-content\/uploads\/2025\/07\/TIJOLAO-300x69.png 300w, https:\/\/radiostudiow.com.br\/site\/wp-content\/uploads\/2025\/07\/TIJOLAO-768x177.png 768w\" sizes=\"auto, (max-width: 897px) 100vw, 897px\" \/><\/figure>\n\n\n\n<p><\/p>\n\n\n\n<p>Durante a opera\u00e7\u00e3o, foram apreendidos celulares e uma arma de fogo na resid\u00eancia da fam\u00edlia, situada na zona rural do munic\u00edpio.<\/p>\n\n\n\n<p>O suspeito responder\u00e1 por c\u00e1rcere privado, estupro de vulner\u00e1vel, amea\u00e7a, les\u00e3o corporal e posse ilegal de arma de fogo. A pol\u00edcia tamb\u00e9m apura se a m\u00e3e da v\u00edtima tinha conhecimento dos crimes.<\/p>\n\n\n\n<p>O caso refor\u00e7a o papel essencial da escola como rede de prote\u00e7\u00e3o e a import\u00e2ncia de denunciar situa\u00e7\u00f5es de viol\u00eancia.<\/p>\n","protected":false},"excerpt":{"rendered":"<p>Uma jovem foi resgatada em Rio Negrinho (SC) ap\u00f3s viver 12 anos em c\u00e1rcere privado, sendo v\u00edtima de abusos dentro da pr\u00f3pria casa. O caso foi descoberto depois que a v\u00edtima, agora maior de idade, conseguiu relatar a situa\u00e7\u00e3o na escola. A den\u00fancia levou a Pol\u00edcia Civil a investigar e prender o padrasto na quinta-feira [&hellip;]<\/p>\n","protected":false},"author":2,"featured_media":32594,"comment_status":"open","ping_status":"open","sticky":false,"template":"","format":"standard","meta":{"footnotes":""},"categories":[2],"tags":[172],"class_list":["post-43617","post","type-post","status-publish","format-standard","has-post-thumbnail","hentry","category-policial","tag-featured"],"amp_enabled":true,"_links":{"self":[{"href":"https:\/\/radiostudiow.com.br\/site\/wp-json\/wp\/v2\/posts\/43617","targetHints":{"allow":["GET"]}}],"collection":[{"href":"https:\/\/radiostudiow.com.br\/site\/wp-json\/wp\/v2\/posts"}],"about":[{"href":"https:\/\/radiostudiow.com.br\/site\/wp-json\/wp\/v2\/types\/post"}],"author":[{"embeddable":true,"href":"https:\/\/radiostudiow.com.br\/site\/wp-json\/wp\/v2\/users\/2"}],"replies":[{"embeddable":true,"href":"https:\/\/radiostudiow.com.br\/site\/wp-json\/wp\/v2\/comments?post=43617"}],"version-history":[{"count":2,"href":"https:\/\/radiostudiow.com.br\/site\/wp-json\/wp\/v2\/posts\/43617\/revisions"}],"predecessor-version":[{"id":43639,"href":"https:\/\/radiostudiow.com.br\/site\/wp-json\/wp\/v2\/posts\/43617\/revisions\/43639"}],"wp:featuredmedia":[{"embeddable":true,"href":"https:\/\/radiostudiow.com.br\/site\/wp-json\/wp\/v2\/media\/32594"}],"wp:attachment":[{"href":"https:\/\/radiostudiow.com.br\/site\/wp-json\/wp\/v2\/media?parent=43617"}],"wp:term":[{"taxonomy":"category","embeddable":true,"href":"https:\/\/radiostudiow.com.br\/site\/wp-json\/wp\/v2\/categories?post=43617"},{"taxonomy":"post_tag","embeddable":true,"href":"https:\/\/radiostudiow.com.br\/site\/wp-json\/wp\/v2\/tags?post=43617"}],"curies":[{"name":"wp","href":"https:\/\/api.w.org\/{rel}","templated":true}]}}