{"id":43705,"date":"2025-10-18T08:45:06","date_gmt":"2025-10-18T11:45:06","guid":{"rendered":"https:\/\/radiostudiow.com.br\/site\/?p=43705"},"modified":"2025-10-18T08:59:38","modified_gmt":"2025-10-18T11:59:38","slug":"homem-e-baleado-e-sofre-acidente-de-moto-enquando-se-deslocava-para-hospital-de-cruz-machado","status":"publish","type":"post","link":"https:\/\/radiostudiow.com.br\/site\/2025\/10\/18\/homem-e-baleado-e-sofre-acidente-de-moto-enquando-se-deslocava-para-hospital-de-cruz-machado\/","title":{"rendered":"Homem \u00e9 baleado e sofre acidente de moto enquando se deslocava para Hospital de Cruz Machado"},"content":{"rendered":"\n<figure class=\"wp-block-image size-full\"><img loading=\"lazy\" decoding=\"async\" width=\"897\" height=\"204\" src=\"https:\/\/radiostudiow.com.br\/site\/wp-content\/uploads\/2025\/03\/image-62.png\" alt=\"\" class=\"wp-image-35859\" srcset=\"https:\/\/radiostudiow.com.br\/site\/wp-content\/uploads\/2025\/03\/image-62.png 897w, https:\/\/radiostudiow.com.br\/site\/wp-content\/uploads\/2025\/03\/image-62-300x68.png 300w, https:\/\/radiostudiow.com.br\/site\/wp-content\/uploads\/2025\/03\/image-62-768x175.png 768w\" sizes=\"auto, (max-width: 897px) 100vw, 897px\" \/><\/figure>\n\n\n\n<p>Um homem ficou gravemente ferido ap\u00f3s ser v\u00edtima de disparo de arma de fogo e se envolver em um acidente de moto enquanto tentava buscar socorro.<\/p>\n\n\n\n<p>A situa\u00e7\u00e3o ocorreu na noite desta sexta-feira, 17 de outubro, na \u00e1rea central da Cruz Machado.<\/p>\n\n\n\n<p>De acordo com as informa\u00e7\u00f5es, o homem pilotava uma motocicleta em dire\u00e7\u00e3o ao hospital quando, provavelmente devido \u00e0 gravidade dos ferimentos, perdeu o controle e caiu pr\u00f3ximo a uma padaria.<\/p>\n\n\n\n<figure class=\"wp-block-image size-full\"><img loading=\"lazy\" decoding=\"async\" width=\"598\" height=\"204\" src=\"https:\/\/radiostudiow.com.br\/site\/wp-content\/uploads\/2024\/10\/labirati.png\" alt=\"\" class=\"wp-image-28854\" srcset=\"https:\/\/radiostudiow.com.br\/site\/wp-content\/uploads\/2024\/10\/labirati.png 598w, https:\/\/radiostudiow.com.br\/site\/wp-content\/uploads\/2024\/10\/labirati-300x102.png 300w\" sizes=\"auto, (max-width: 598px) 100vw, 598px\" \/><\/figure>\n\n\n\n<p>O SAMU foi acionado e realizou o atendimento no local.\u00a0A v\u00edtima estava consciente, mas apresentava ferimentos graves.<\/p>\n\n\n\n<p>O homem foi estabilizado no hospital de Cruz Machado e encaminhado ao\u00a0Hospital Regional de Uni\u00e3o da Vit\u00f3ria.<\/p>\n\n\n\n<p>As causas do disparo e as circunst\u00e2ncias do acidente ser\u00e3o investigadas pelas autoridades competentes.<\/p>\n","protected":false},"excerpt":{"rendered":"<p>Um homem ficou gravemente ferido ap\u00f3s ser v\u00edtima de disparo de arma de fogo e se envolver em um acidente de moto enquanto tentava buscar socorro. A situa\u00e7\u00e3o ocorreu na noite desta sexta-feira, 17 de outubro, na \u00e1rea central da Cruz Machado. De acordo com as informa\u00e7\u00f5es, o homem pilotava uma motocicleta em dire\u00e7\u00e3o ao [&hellip;]<\/p>\n","protected":false},"author":2,"featured_media":6998,"comment_status":"open","ping_status":"open","sticky":false,"template":"","format":"standard","meta":{"footnotes":""},"categories":[2],"tags":[172],"class_list":["post-43705","post","type-post","status-publish","format-standard","has-post-thumbnail","hentry","category-policial","tag-featured"],"amp_enabled":true,"_links":{"self":[{"href":"https:\/\/radiostudiow.com.br\/site\/wp-json\/wp\/v2\/posts\/43705","targetHints":{"allow":["GET"]}}],"collection":[{"href":"https:\/\/radiostudiow.com.br\/site\/wp-json\/wp\/v2\/posts"}],"about":[{"href":"https:\/\/radiostudiow.com.br\/site\/wp-json\/wp\/v2\/types\/post"}],"author":[{"embeddable":true,"href":"https:\/\/radiostudiow.com.br\/site\/wp-json\/wp\/v2\/users\/2"}],"replies":[{"embeddable":true,"href":"https:\/\/radiostudiow.com.br\/site\/wp-json\/wp\/v2\/comments?post=43705"}],"version-history":[{"count":1,"href":"https:\/\/radiostudiow.com.br\/site\/wp-json\/wp\/v2\/posts\/43705\/revisions"}],"predecessor-version":[{"id":43706,"href":"https:\/\/radiostudiow.com.br\/site\/wp-json\/wp\/v2\/posts\/43705\/revisions\/43706"}],"wp:featuredmedia":[{"embeddable":true,"href":"https:\/\/radiostudiow.com.br\/site\/wp-json\/wp\/v2\/media\/6998"}],"wp:attachment":[{"href":"https:\/\/radiostudiow.com.br\/site\/wp-json\/wp\/v2\/media?parent=43705"}],"wp:term":[{"taxonomy":"category","embeddable":true,"href":"https:\/\/radiostudiow.com.br\/site\/wp-json\/wp\/v2\/categories?post=43705"},{"taxonomy":"post_tag","embeddable":true,"href":"https:\/\/radiostudiow.com.br\/site\/wp-json\/wp\/v2\/tags?post=43705"}],"curies":[{"name":"wp","href":"https:\/\/api.w.org\/{rel}","templated":true}]}}