{"id":43714,"date":"2025-10-18T09:24:44","date_gmt":"2025-10-18T12:24:44","guid":{"rendered":"https:\/\/radiostudiow.com.br\/site\/?p=43714"},"modified":"2025-10-18T09:24:45","modified_gmt":"2025-10-18T12:24:45","slug":"policia-militar-prende-homem-por-trafico-de-drogas-e-porte-ilegal-de-arma-de-fogo-em-general-carneiro","status":"publish","type":"post","link":"https:\/\/radiostudiow.com.br\/site\/2025\/10\/18\/policia-militar-prende-homem-por-trafico-de-drogas-e-porte-ilegal-de-arma-de-fogo-em-general-carneiro\/","title":{"rendered":"Pol\u00edcia Militar prende homem por tr\u00e1fico de drogas e porte ilegal de arma de fogo em General Carneiro"},"content":{"rendered":"\n<figure class=\"wp-block-image size-full\"><img loading=\"lazy\" decoding=\"async\" width=\"897\" height=\"204\" src=\"https:\/\/radiostudiow.com.br\/site\/wp-content\/uploads\/2025\/02\/SITE-GRANDE7.png\" alt=\"\" class=\"wp-image-33861\" srcset=\"https:\/\/radiostudiow.com.br\/site\/wp-content\/uploads\/2025\/02\/SITE-GRANDE7.png 897w, https:\/\/radiostudiow.com.br\/site\/wp-content\/uploads\/2025\/02\/SITE-GRANDE7-300x68.png 300w, https:\/\/radiostudiow.com.br\/site\/wp-content\/uploads\/2025\/02\/SITE-GRANDE7-768x175.png 768w\" sizes=\"auto, (max-width: 897px) 100vw, 897px\" \/><\/figure>\n\n\n\n<p>Durante patrulhamento no bairro S\u00e3o Jo\u00e3o, a equipe da Pol\u00edcia Militar tentou abordar um indiv\u00edduo em atitude suspeita que se evadiu para o terreno de uma propriedade particular.<\/p>\n\n\n\n<p>O caso foi registrado por volta das 13h30min dessa sexta-feira (17).<\/p>\n\n\n\n<p>Com a autoriza\u00e7\u00e3o do propriet\u00e1rio da resid\u00eancia, os policiais realizaram buscas no local sendo encontrado algumas por\u00e7\u00f5es de subst\u00e2ncia an\u00e1loga \u00e0 maconha que estavam prontas para o consumo.<\/p>\n\n\n\n<figure class=\"wp-block-gallery has-nested-images columns-default is-cropped wp-block-gallery-1 is-layout-flex wp-block-gallery-is-layout-flex\">\n<figure class=\"wp-block-image size-large\"><img loading=\"lazy\" decoding=\"async\" width=\"1024\" height=\"614\" data-id=\"38784\" src=\"https:\/\/radiostudiow.com.br\/site\/wp-content\/uploads\/2025\/05\/5914fcac-c2b4-4795-a120-dc162c4a6466-1024x614.jpg\" alt=\"\" class=\"wp-image-38784\" srcset=\"https:\/\/radiostudiow.com.br\/site\/wp-content\/uploads\/2025\/05\/5914fcac-c2b4-4795-a120-dc162c4a6466-1024x614.jpg 1024w, https:\/\/radiostudiow.com.br\/site\/wp-content\/uploads\/2025\/05\/5914fcac-c2b4-4795-a120-dc162c4a6466-300x180.jpg 300w, https:\/\/radiostudiow.com.br\/site\/wp-content\/uploads\/2025\/05\/5914fcac-c2b4-4795-a120-dc162c4a6466-768x460.jpg 768w, https:\/\/radiostudiow.com.br\/site\/wp-content\/uploads\/2025\/05\/5914fcac-c2b4-4795-a120-dc162c4a6466-1536x921.jpg 1536w, https:\/\/radiostudiow.com.br\/site\/wp-content\/uploads\/2025\/05\/5914fcac-c2b4-4795-a120-dc162c4a6466-1000x600.jpg 1000w, https:\/\/radiostudiow.com.br\/site\/wp-content\/uploads\/2025\/05\/5914fcac-c2b4-4795-a120-dc162c4a6466-590x354.jpg 590w, https:\/\/radiostudiow.com.br\/site\/wp-content\/uploads\/2025\/05\/5914fcac-c2b4-4795-a120-dc162c4a6466-400x240.jpg 400w, https:\/\/radiostudiow.com.br\/site\/wp-content\/uploads\/2025\/05\/5914fcac-c2b4-4795-a120-dc162c4a6466.jpg 1600w\" sizes=\"auto, (max-width: 1024px) 100vw, 1024px\" \/><\/figure>\n\n\n\n<figure class=\"wp-block-image size-large\"><img loading=\"lazy\" decoding=\"async\" width=\"300\" height=\"180\" data-id=\"38684\" src=\"https:\/\/radiostudiow.com.br\/site\/wp-content\/uploads\/2025\/05\/SITE-PEQUENO.jpg\" alt=\"\" class=\"wp-image-38684\"\/><\/figure>\n<\/figure>\n\n\n\n<p>No mesmo local, foi visualizada uma arma de fogo do tipo rev\u00f3lver, calibre 38, que o homem afirmou ser de sua propriedade.<\/p>\n\n\n\n<p>Diante dos fatos, ele recebeu voz de pris\u00e3o por posse ilegal de arma de fogo e por tr\u00e1fico<br>de drogas.<\/p>\n\n\n\n<p>O detido e os materiais apreendidos foram encaminhados \u00e0 Delegacia de<br>Pol\u00edcia para os procedimentos legais cab\u00edveis.<\/p>\n","protected":false},"excerpt":{"rendered":"<p>Durante patrulhamento no bairro S\u00e3o Jo\u00e3o, a equipe da Pol\u00edcia Militar tentou abordar um indiv\u00edduo em atitude suspeita que se evadiu para o terreno de uma propriedade particular. O caso foi registrado por volta das 13h30min dessa sexta-feira (17). Com a autoriza\u00e7\u00e3o do propriet\u00e1rio da resid\u00eancia, os policiais realizaram buscas no local sendo encontrado algumas [&hellip;]<\/p>\n","protected":false},"author":2,"featured_media":43716,"comment_status":"open","ping_status":"open","sticky":false,"template":"","format":"standard","meta":{"footnotes":""},"categories":[2],"tags":[172],"class_list":["post-43714","post","type-post","status-publish","format-standard","has-post-thumbnail","hentry","category-policial","tag-featured"],"amp_enabled":true,"_links":{"self":[{"href":"https:\/\/radiostudiow.com.br\/site\/wp-json\/wp\/v2\/posts\/43714","targetHints":{"allow":["GET"]}}],"collection":[{"href":"https:\/\/radiostudiow.com.br\/site\/wp-json\/wp\/v2\/posts"}],"about":[{"href":"https:\/\/radiostudiow.com.br\/site\/wp-json\/wp\/v2\/types\/post"}],"author":[{"embeddable":true,"href":"https:\/\/radiostudiow.com.br\/site\/wp-json\/wp\/v2\/users\/2"}],"replies":[{"embeddable":true,"href":"https:\/\/radiostudiow.com.br\/site\/wp-json\/wp\/v2\/comments?post=43714"}],"version-history":[{"count":2,"href":"https:\/\/radiostudiow.com.br\/site\/wp-json\/wp\/v2\/posts\/43714\/revisions"}],"predecessor-version":[{"id":43717,"href":"https:\/\/radiostudiow.com.br\/site\/wp-json\/wp\/v2\/posts\/43714\/revisions\/43717"}],"wp:featuredmedia":[{"embeddable":true,"href":"https:\/\/radiostudiow.com.br\/site\/wp-json\/wp\/v2\/media\/43716"}],"wp:attachment":[{"href":"https:\/\/radiostudiow.com.br\/site\/wp-json\/wp\/v2\/media?parent=43714"}],"wp:term":[{"taxonomy":"category","embeddable":true,"href":"https:\/\/radiostudiow.com.br\/site\/wp-json\/wp\/v2\/categories?post=43714"},{"taxonomy":"post_tag","embeddable":true,"href":"https:\/\/radiostudiow.com.br\/site\/wp-json\/wp\/v2\/tags?post=43714"}],"curies":[{"name":"wp","href":"https:\/\/api.w.org\/{rel}","templated":true}]}}