{"id":43734,"date":"2025-10-18T11:04:03","date_gmt":"2025-10-18T14:04:03","guid":{"rendered":"https:\/\/radiostudiow.com.br\/site\/?p=43734"},"modified":"2025-10-18T11:04:04","modified_gmt":"2025-10-18T14:04:04","slug":"campanha-solidaria-busca-apoiar-motoboy-ferido-em-acidente-na-br-476-em-sao-mateus-do-sul","status":"publish","type":"post","link":"https:\/\/radiostudiow.com.br\/site\/2025\/10\/18\/campanha-solidaria-busca-apoiar-motoboy-ferido-em-acidente-na-br-476-em-sao-mateus-do-sul\/","title":{"rendered":"Campanha solid\u00e1ria busca apoiar motoboy ferido em acidente na BR-476 em S\u00e3o Mateus do Sul"},"content":{"rendered":"\n<figure class=\"wp-block-image size-full\"><img loading=\"lazy\" decoding=\"async\" width=\"598\" height=\"204\" src=\"https:\/\/radiostudiow.com.br\/site\/wp-content\/uploads\/2025\/01\/SITE-MEDIO7.png\" alt=\"\" class=\"wp-image-32801\" srcset=\"https:\/\/radiostudiow.com.br\/site\/wp-content\/uploads\/2025\/01\/SITE-MEDIO7.png 598w, https:\/\/radiostudiow.com.br\/site\/wp-content\/uploads\/2025\/01\/SITE-MEDIO7-300x102.png 300w\" sizes=\"auto, (max-width: 598px) 100vw, 598px\" \/><\/figure>\n\n\n\n<p class=\"has-text-align-center\"><em>Fonte: Portal RDX<\/em><\/p>\n\n\n\n<p>O s\u00e3o-mateuense&nbsp;Neyson Eduardo, morador da&nbsp;Vila Nepomuceno, sofreu um&nbsp;acidente de moto na \u00faltima quarta-feira (15), nas proximidades da&nbsp;Cooperativa Bom Jesus, na&nbsp;BR-476, em S\u00e3o Mateus do Sul. A motocicleta que ele conduzia acabou colidindo contra a traseira de um caminh\u00e3o.<\/p>\n\n\n\n<p>De acordo com familiares, Neyson est\u00e1 internado no&nbsp;Hospital do Trabalhador, em Curitiba, onde passar\u00e1 por&nbsp;cirurgias na face, j\u00e1 que sofreu fortes impactos na cabe\u00e7a durante o acidente.<\/p>\n\n\n\n<figure class=\"wp-block-image size-full\"><img loading=\"lazy\" decoding=\"async\" width=\"300\" height=\"180\" src=\"https:\/\/radiostudiow.com.br\/site\/wp-content\/uploads\/2025\/05\/VANE.png\" alt=\"\" class=\"wp-image-38014\"\/><\/figure>\n\n\n\n<p>Ele trabalhava como&nbsp;motoboy&nbsp;e, neste momento, est\u00e1 impossibilitado de exercer suas atividades. A fam\u00edlia pede a colabora\u00e7\u00e3o da comunidade para auxiliar nas despesas com o tratamento e recupera\u00e7\u00e3o.<\/p>\n\n\n\n<p class=\"has-text-align-center\"><em><strong>\u201cQualquer contribui\u00e7\u00e3o \u00e9 um gesto de amor\u201d, destaca a esposa\u00a0Gabrieli, que est\u00e1 organizando uma\u00a0vaquinha solid\u00e1ria\u00a0para arrecadar fundos.<\/strong><\/em><\/p>\n\n\n\n<blockquote class=\"wp-block-quote is-layout-flow wp-block-quote-is-layout-flow\">\n<p class=\"has-text-align-center\">Quem puder ajudar, pode colaborar atrav\u00e9s da chave-pix:&nbsp;gabiterres15@gmail.com<\/p>\n<\/blockquote>\n\n\n\n<p class=\"has-text-align-center\"><em>Fonte: Portal RDX<\/em><\/p>\n","protected":false},"excerpt":{"rendered":"<p>Fonte: Portal RDX O s\u00e3o-mateuense&nbsp;Neyson Eduardo, morador da&nbsp;Vila Nepomuceno, sofreu um&nbsp;acidente de moto na \u00faltima quarta-feira (15), nas proximidades da&nbsp;Cooperativa Bom Jesus, na&nbsp;BR-476, em S\u00e3o Mateus do Sul. A motocicleta que ele conduzia acabou colidindo contra a traseira de um caminh\u00e3o. De acordo com familiares, Neyson est\u00e1 internado no&nbsp;Hospital do Trabalhador, em Curitiba, onde passar\u00e1 [&hellip;]<\/p>\n","protected":false},"author":2,"featured_media":43735,"comment_status":"open","ping_status":"open","sticky":false,"template":"","format":"standard","meta":{"footnotes":""},"categories":[185],"tags":[172],"class_list":["post-43734","post","type-post","status-publish","format-standard","has-post-thumbnail","hentry","category-regional","tag-featured"],"amp_enabled":true,"_links":{"self":[{"href":"https:\/\/radiostudiow.com.br\/site\/wp-json\/wp\/v2\/posts\/43734","targetHints":{"allow":["GET"]}}],"collection":[{"href":"https:\/\/radiostudiow.com.br\/site\/wp-json\/wp\/v2\/posts"}],"about":[{"href":"https:\/\/radiostudiow.com.br\/site\/wp-json\/wp\/v2\/types\/post"}],"author":[{"embeddable":true,"href":"https:\/\/radiostudiow.com.br\/site\/wp-json\/wp\/v2\/users\/2"}],"replies":[{"embeddable":true,"href":"https:\/\/radiostudiow.com.br\/site\/wp-json\/wp\/v2\/comments?post=43734"}],"version-history":[{"count":1,"href":"https:\/\/radiostudiow.com.br\/site\/wp-json\/wp\/v2\/posts\/43734\/revisions"}],"predecessor-version":[{"id":43736,"href":"https:\/\/radiostudiow.com.br\/site\/wp-json\/wp\/v2\/posts\/43734\/revisions\/43736"}],"wp:featuredmedia":[{"embeddable":true,"href":"https:\/\/radiostudiow.com.br\/site\/wp-json\/wp\/v2\/media\/43735"}],"wp:attachment":[{"href":"https:\/\/radiostudiow.com.br\/site\/wp-json\/wp\/v2\/media?parent=43734"}],"wp:term":[{"taxonomy":"category","embeddable":true,"href":"https:\/\/radiostudiow.com.br\/site\/wp-json\/wp\/v2\/categories?post=43734"},{"taxonomy":"post_tag","embeddable":true,"href":"https:\/\/radiostudiow.com.br\/site\/wp-json\/wp\/v2\/tags?post=43734"}],"curies":[{"name":"wp","href":"https:\/\/api.w.org\/{rel}","templated":true}]}}