{"id":43737,"date":"2025-10-18T11:11:05","date_gmt":"2025-10-18T14:11:05","guid":{"rendered":"https:\/\/radiostudiow.com.br\/site\/?p=43737"},"modified":"2025-10-18T11:11:06","modified_gmt":"2025-10-18T14:11:06","slug":"policia-militar-registra-ocorrencia-de-atropelamento-inusitado-em-reboucas-2","status":"publish","type":"post","link":"https:\/\/radiostudiow.com.br\/site\/2025\/10\/18\/policia-militar-registra-ocorrencia-de-atropelamento-inusitado-em-reboucas-2\/","title":{"rendered":"Pol\u00edcia Militar registra ocorr\u00eancia de atropelamento inusitado em Rebou\u00e7as"},"content":{"rendered":"\n<figure class=\"wp-block-image size-full\"><img loading=\"lazy\" decoding=\"async\" width=\"897\" height=\"207\" src=\"https:\/\/radiostudiow.com.br\/site\/wp-content\/uploads\/2025\/07\/TIJOLAO.png\" alt=\"\" class=\"wp-image-40184\" srcset=\"https:\/\/radiostudiow.com.br\/site\/wp-content\/uploads\/2025\/07\/TIJOLAO.png 897w, https:\/\/radiostudiow.com.br\/site\/wp-content\/uploads\/2025\/07\/TIJOLAO-300x69.png 300w, https:\/\/radiostudiow.com.br\/site\/wp-content\/uploads\/2025\/07\/TIJOLAO-768x177.png 768w\" sizes=\"auto, (max-width: 897px) 100vw, 897px\" \/><\/figure>\n\n\n\n<p>Um caso inusitado mobilizou a Pol\u00edcia Militar e o Corpo de Bombeiros Comunit\u00e1rio de Rebou\u00e7as ap\u00f3s um atropelamento ser registrado na \u00e1rea central do munic\u00edpio, por volta das 11h35min da manh\u00e3 de quinta-feira (16).<\/p>\n\n\n\n<p>O caso chamou a aten\u00e7\u00e3o pelo fato de o pr\u00f3prio motorista envolvido procurar a equipe policial para relatar o ocorrido. Segundo a PM, a equipe realizava patrulhamento pela regi\u00e3o quando o condutor de um Fiat Palio abordou os agentes informando que havia atropelado um homem.<\/p>\n\n\n\n<p>Os policiais deslocaram-se imediatamente at\u00e9 o local indicado, onde encontraram a v\u00edtima j\u00e1 sendo atendida pelo Bombeiro Comunit\u00e1rio de Rebou\u00e7as. Durante a apura\u00e7\u00e3o dos fatos, o homem atropelado contou que possu\u00eda pend\u00eancias pessoais com o motorista e teria ido at\u00e9 ele para conversar.<\/p>\n\n\n\n<figure class=\"wp-block-image size-full\"><img loading=\"lazy\" decoding=\"async\" width=\"300\" height=\"180\" src=\"https:\/\/radiostudiow.com.br\/site\/wp-content\/uploads\/2025\/04\/AGRODU.png\" alt=\"\" class=\"wp-image-37219\"\/><\/figure>\n\n\n\n<p>Ainda conforme o relato da v\u00edtima, durante a discuss\u00e3o, o condutor arrancou com o ve\u00edculo e o homem acabou se lan\u00e7ando sobre o cap\u00f4 do carro. Ele teria permanecido sobre o autom\u00f3vel por cerca de 300 metros at\u00e9 cair, sofrendo ferimentos na queda.<\/p>\n\n\n\n<p>Ap\u00f3s receber atendimento m\u00e9dico, ambos os envolvidos foram encaminhados \u00e0 Delegacia de Rebou\u00e7as para os procedimentos cab\u00edveis. O motorista foi submetido ao teste do baf\u00f4metro, que teve resultado negativo para a ingest\u00e3o de \u00e1lcool.<\/p>\n\n\n\n<p>A ocorr\u00eancia foi registrada pela Pol\u00edcia Militar com apoio do Bombeiro Comunit\u00e1rio de Rebou\u00e7as. <\/p>\n\n\n\n<p class=\"has-text-align-center\"><em>Reda\u00e7\u00e3o Portal Alvorada FM e 8\u00aaCIPM<\/em><\/p>\n","protected":false},"excerpt":{"rendered":"<p>Um caso inusitado mobilizou a Pol\u00edcia Militar e o Corpo de Bombeiros Comunit\u00e1rio de Rebou\u00e7as ap\u00f3s um atropelamento ser registrado na \u00e1rea central do munic\u00edpio, por volta das 11h35min da manh\u00e3 de quinta-feira (16). O caso chamou a aten\u00e7\u00e3o pelo fato de o pr\u00f3prio motorista envolvido procurar a equipe policial para relatar o ocorrido. Segundo [&hellip;]<\/p>\n","protected":false},"author":2,"featured_media":43738,"comment_status":"open","ping_status":"open","sticky":false,"template":"","format":"standard","meta":{"footnotes":""},"categories":[185],"tags":[172],"class_list":["post-43737","post","type-post","status-publish","format-standard","has-post-thumbnail","hentry","category-regional","tag-featured"],"amp_enabled":true,"_links":{"self":[{"href":"https:\/\/radiostudiow.com.br\/site\/wp-json\/wp\/v2\/posts\/43737","targetHints":{"allow":["GET"]}}],"collection":[{"href":"https:\/\/radiostudiow.com.br\/site\/wp-json\/wp\/v2\/posts"}],"about":[{"href":"https:\/\/radiostudiow.com.br\/site\/wp-json\/wp\/v2\/types\/post"}],"author":[{"embeddable":true,"href":"https:\/\/radiostudiow.com.br\/site\/wp-json\/wp\/v2\/users\/2"}],"replies":[{"embeddable":true,"href":"https:\/\/radiostudiow.com.br\/site\/wp-json\/wp\/v2\/comments?post=43737"}],"version-history":[{"count":1,"href":"https:\/\/radiostudiow.com.br\/site\/wp-json\/wp\/v2\/posts\/43737\/revisions"}],"predecessor-version":[{"id":43739,"href":"https:\/\/radiostudiow.com.br\/site\/wp-json\/wp\/v2\/posts\/43737\/revisions\/43739"}],"wp:featuredmedia":[{"embeddable":true,"href":"https:\/\/radiostudiow.com.br\/site\/wp-json\/wp\/v2\/media\/43738"}],"wp:attachment":[{"href":"https:\/\/radiostudiow.com.br\/site\/wp-json\/wp\/v2\/media?parent=43737"}],"wp:term":[{"taxonomy":"category","embeddable":true,"href":"https:\/\/radiostudiow.com.br\/site\/wp-json\/wp\/v2\/categories?post=43737"},{"taxonomy":"post_tag","embeddable":true,"href":"https:\/\/radiostudiow.com.br\/site\/wp-json\/wp\/v2\/tags?post=43737"}],"curies":[{"name":"wp","href":"https:\/\/api.w.org\/{rel}","templated":true}]}}