{"id":43810,"date":"2025-10-21T09:36:32","date_gmt":"2025-10-21T12:36:32","guid":{"rendered":"https:\/\/radiostudiow.com.br\/site\/?p=43810"},"modified":"2025-10-21T09:36:58","modified_gmt":"2025-10-21T12:36:58","slug":"acidente-de-trabalho-causa-amputacao-de-dedos-de-jovem-em-porto-uniao","status":"publish","type":"post","link":"https:\/\/radiostudiow.com.br\/site\/2025\/10\/21\/acidente-de-trabalho-causa-amputacao-de-dedos-de-jovem-em-porto-uniao\/","title":{"rendered":"Acidente de trabalho causa amputa\u00e7\u00e3o de dedos de jovem em Porto Uni\u00e3o"},"content":{"rendered":"\n<p>A equipe do Corpo de Bombeiros de Porto Uni\u00e3o foi acionada para atender uma situa\u00e7\u00e3o de acidente de trabalho por volta das 05h20min desta segunda-feira (20).<\/p>\n\n\n\n<p>O homem de 25 anos teve quatro dedos da m\u00e3o esquerda amputados ap\u00f3s o esmagamento da m\u00e3o em uma m\u00e1quina industrial.<\/p>\n\n\n\n<figure class=\"wp-block-image size-full\"><img loading=\"lazy\" decoding=\"async\" width=\"897\" height=\"207\" src=\"https:\/\/radiostudiow.com.br\/site\/wp-content\/uploads\/2025\/07\/TIJOLAO.png\" alt=\"\" class=\"wp-image-40184\" srcset=\"https:\/\/radiostudiow.com.br\/site\/wp-content\/uploads\/2025\/07\/TIJOLAO.png 897w, https:\/\/radiostudiow.com.br\/site\/wp-content\/uploads\/2025\/07\/TIJOLAO-300x69.png 300w, https:\/\/radiostudiow.com.br\/site\/wp-content\/uploads\/2025\/07\/TIJOLAO-768x177.png 768w\" sizes=\"auto, (max-width: 897px) 100vw, 897px\" \/><\/figure>\n\n\n\n<p>De acordo com informa\u00e7\u00f5es do Corpo de Bombeiros, a v\u00edtima foi encontrada consciente, orientada, sentada e amparada por colegas de trabalho no momento do atendimento.<\/p>\n\n\n\n<p>Os bombeiros realizaram curativos no local e encaminharam o homem ao Hospital S\u00e3o Br\u00e1s para atendimento m\u00e9dico.<\/p>\n\n\n\n<p class=\"has-text-align-center\"><em>Fonte: V.Vale<\/em><\/p>\n","protected":false},"excerpt":{"rendered":"<p>A equipe do Corpo de Bombeiros de Porto Uni\u00e3o foi acionada para atender uma situa\u00e7\u00e3o de acidente de trabalho por volta das 05h20min desta segunda-feira (20). O homem de 25 anos teve quatro dedos da m\u00e3o esquerda amputados ap\u00f3s o esmagamento da m\u00e3o em uma m\u00e1quina industrial. De acordo com informa\u00e7\u00f5es do Corpo de Bombeiros, [&hellip;]<\/p>\n","protected":false},"author":2,"featured_media":43041,"comment_status":"open","ping_status":"open","sticky":false,"template":"","format":"standard","meta":{"footnotes":""},"categories":[185],"tags":[172],"class_list":["post-43810","post","type-post","status-publish","format-standard","has-post-thumbnail","hentry","category-regional","tag-featured"],"amp_enabled":true,"_links":{"self":[{"href":"https:\/\/radiostudiow.com.br\/site\/wp-json\/wp\/v2\/posts\/43810","targetHints":{"allow":["GET"]}}],"collection":[{"href":"https:\/\/radiostudiow.com.br\/site\/wp-json\/wp\/v2\/posts"}],"about":[{"href":"https:\/\/radiostudiow.com.br\/site\/wp-json\/wp\/v2\/types\/post"}],"author":[{"embeddable":true,"href":"https:\/\/radiostudiow.com.br\/site\/wp-json\/wp\/v2\/users\/2"}],"replies":[{"embeddable":true,"href":"https:\/\/radiostudiow.com.br\/site\/wp-json\/wp\/v2\/comments?post=43810"}],"version-history":[{"count":2,"href":"https:\/\/radiostudiow.com.br\/site\/wp-json\/wp\/v2\/posts\/43810\/revisions"}],"predecessor-version":[{"id":43813,"href":"https:\/\/radiostudiow.com.br\/site\/wp-json\/wp\/v2\/posts\/43810\/revisions\/43813"}],"wp:featuredmedia":[{"embeddable":true,"href":"https:\/\/radiostudiow.com.br\/site\/wp-json\/wp\/v2\/media\/43041"}],"wp:attachment":[{"href":"https:\/\/radiostudiow.com.br\/site\/wp-json\/wp\/v2\/media?parent=43810"}],"wp:term":[{"taxonomy":"category","embeddable":true,"href":"https:\/\/radiostudiow.com.br\/site\/wp-json\/wp\/v2\/categories?post=43810"},{"taxonomy":"post_tag","embeddable":true,"href":"https:\/\/radiostudiow.com.br\/site\/wp-json\/wp\/v2\/tags?post=43810"}],"curies":[{"name":"wp","href":"https:\/\/api.w.org\/{rel}","templated":true}]}}