{"id":43814,"date":"2025-10-21T09:39:20","date_gmt":"2025-10-21T12:39:20","guid":{"rendered":"https:\/\/radiostudiow.com.br\/site\/?p=43814"},"modified":"2025-10-21T09:39:21","modified_gmt":"2025-10-21T12:39:21","slug":"familia-fica-ferida-em-grave-acidente-na-br-153-em-general-carneiro","status":"publish","type":"post","link":"https:\/\/radiostudiow.com.br\/site\/2025\/10\/21\/familia-fica-ferida-em-grave-acidente-na-br-153-em-general-carneiro\/","title":{"rendered":"Fam\u00edlia fica ferida em grave acidente na BR-153, em General Carneiro"},"content":{"rendered":"\n<p>Um grave acidente de tr\u00e2nsito deixou quatro pessoas feridas no final da manh\u00e3 desta segunda-feira, 20 de outubro, na BR-153, trecho que passa por General Carneiro. A colis\u00e3o envolveu uma caminhonete GM S10, de cor branca, e um autom\u00f3vel Hyundai HB20, azul, com placas de Belo Horizonte (MG).<\/p>\n\n\n\n<figure class=\"wp-block-image size-full\"><img loading=\"lazy\" decoding=\"async\" width=\"598\" height=\"204\" src=\"https:\/\/radiostudiow.com.br\/site\/wp-content\/uploads\/2024\/01\/SITE-MEDIO.png\" alt=\"\" class=\"wp-image-18916\" srcset=\"https:\/\/radiostudiow.com.br\/site\/wp-content\/uploads\/2024\/01\/SITE-MEDIO.png 598w, https:\/\/radiostudiow.com.br\/site\/wp-content\/uploads\/2024\/01\/SITE-MEDIO-300x102.png 300w\" sizes=\"auto, (max-width: 598px) 100vw, 598px\" \/><\/figure>\n\n\n\n<p>De acordo com as informa\u00e7\u00f5es iniciais, os ve\u00edculos bateram de frente pr\u00f3ximo ao quil\u00f4metro 499 da rodovia. Entre os feridos est\u00e3o um casal e duas crian\u00e7as que viajavam no carro de passeio.<\/p>\n\n\n\n<p>A mulher ficou presa nas ferragens e precisou ser retirada pelas equipes de resgate, sendo encaminhada em estado grave ao hospital. As demais v\u00edtimas sofreram ferimentos e tamb\u00e9m receberam atendimento m\u00e9dico.<\/p>\n\n\n\n<p class=\"has-text-align-center\"><em>Fonte: V.Vale Foto: Canal4<\/em><\/p>\n","protected":false},"excerpt":{"rendered":"<p>Um grave acidente de tr\u00e2nsito deixou quatro pessoas feridas no final da manh\u00e3 desta segunda-feira, 20 de outubro, na BR-153, trecho que passa por General Carneiro. A colis\u00e3o envolveu uma caminhonete GM S10, de cor branca, e um autom\u00f3vel Hyundai HB20, azul, com placas de Belo Horizonte (MG). De acordo com as informa\u00e7\u00f5es iniciais, os [&hellip;]<\/p>\n","protected":false},"author":2,"featured_media":43815,"comment_status":"open","ping_status":"open","sticky":false,"template":"","format":"standard","meta":{"footnotes":""},"categories":[185],"tags":[172],"class_list":["post-43814","post","type-post","status-publish","format-standard","has-post-thumbnail","hentry","category-regional","tag-featured"],"amp_enabled":true,"_links":{"self":[{"href":"https:\/\/radiostudiow.com.br\/site\/wp-json\/wp\/v2\/posts\/43814","targetHints":{"allow":["GET"]}}],"collection":[{"href":"https:\/\/radiostudiow.com.br\/site\/wp-json\/wp\/v2\/posts"}],"about":[{"href":"https:\/\/radiostudiow.com.br\/site\/wp-json\/wp\/v2\/types\/post"}],"author":[{"embeddable":true,"href":"https:\/\/radiostudiow.com.br\/site\/wp-json\/wp\/v2\/users\/2"}],"replies":[{"embeddable":true,"href":"https:\/\/radiostudiow.com.br\/site\/wp-json\/wp\/v2\/comments?post=43814"}],"version-history":[{"count":1,"href":"https:\/\/radiostudiow.com.br\/site\/wp-json\/wp\/v2\/posts\/43814\/revisions"}],"predecessor-version":[{"id":43816,"href":"https:\/\/radiostudiow.com.br\/site\/wp-json\/wp\/v2\/posts\/43814\/revisions\/43816"}],"wp:featuredmedia":[{"embeddable":true,"href":"https:\/\/radiostudiow.com.br\/site\/wp-json\/wp\/v2\/media\/43815"}],"wp:attachment":[{"href":"https:\/\/radiostudiow.com.br\/site\/wp-json\/wp\/v2\/media?parent=43814"}],"wp:term":[{"taxonomy":"category","embeddable":true,"href":"https:\/\/radiostudiow.com.br\/site\/wp-json\/wp\/v2\/categories?post=43814"},{"taxonomy":"post_tag","embeddable":true,"href":"https:\/\/radiostudiow.com.br\/site\/wp-json\/wp\/v2\/tags?post=43814"}],"curies":[{"name":"wp","href":"https:\/\/api.w.org\/{rel}","templated":true}]}}