{"id":43852,"date":"2025-10-21T17:58:28","date_gmt":"2025-10-21T20:58:28","guid":{"rendered":"https:\/\/radiostudiow.com.br\/site\/?p=43852"},"modified":"2025-10-21T17:58:29","modified_gmt":"2025-10-21T20:58:29","slug":"jovem-que-estava-desaparecido-em-general-caneiro-foi-encontrado-sem-vida","status":"publish","type":"post","link":"https:\/\/radiostudiow.com.br\/site\/2025\/10\/21\/jovem-que-estava-desaparecido-em-general-caneiro-foi-encontrado-sem-vida\/","title":{"rendered":"Jovem que estava desaparecido em General Caneiro foi encontrado sem vida"},"content":{"rendered":"\n<figure class=\"wp-block-image size-full\"><img loading=\"lazy\" decoding=\"async\" width=\"897\" height=\"204\" src=\"https:\/\/radiostudiow.com.br\/site\/wp-content\/uploads\/2025\/05\/NUTRI-MALLET.png\" alt=\"\" class=\"wp-image-37813\" srcset=\"https:\/\/radiostudiow.com.br\/site\/wp-content\/uploads\/2025\/05\/NUTRI-MALLET.png 897w, https:\/\/radiostudiow.com.br\/site\/wp-content\/uploads\/2025\/05\/NUTRI-MALLET-300x68.png 300w, https:\/\/radiostudiow.com.br\/site\/wp-content\/uploads\/2025\/05\/NUTRI-MALLET-768x175.png 768w\" sizes=\"auto, (max-width: 897px) 100vw, 897px\" \/><\/figure>\n\n\n\n<p>Jovem de 26 anos, identificado como Wuelliton de Souza que estava desaparecido h\u00e1 cinco dias na cidade de General\u202fCarneiro foi encontrado morto em uma regi\u00e3o de mata nessa tarde de ter\u00e7a-feira (21).<\/p>\n\n\n\n<p>Segundo apurou a reportagem do Canal 4, 0 corpo estava escondido sob galhos em uma \u00e1rea de mata pr\u00f3xima ao Bairro Novo, e foi localizado pelos bombeiros que haviam intensificado as buscas desde a manh\u00e3.<\/p>\n\n\n\n<p>Ainda n\u00e3o h\u00e1 informa\u00e7\u00f5es oficiais sobre o estado exato do corpo ou sobre a forma como a morte ocorreu.\u00a0O que se sabe at\u00e9 o momento \u00e9 que as caracter\u00edsticas, como as roupas, coincidem com as descritas no desaparecimento.\u00a0O Instituto\u202fM\u00e9dico\u202fLegal de Uni\u00e3o da Vit\u00f3ria foi acionado para recolher o corpo.<\/p>\n\n\n\n<figure class=\"wp-block-image size-full\"><img loading=\"lazy\" decoding=\"async\" width=\"598\" height=\"204\" src=\"https:\/\/radiostudiow.com.br\/site\/wp-content\/uploads\/2025\/05\/POLAK.png\" alt=\"\" class=\"wp-image-37847\" srcset=\"https:\/\/radiostudiow.com.br\/site\/wp-content\/uploads\/2025\/05\/POLAK.png 598w, https:\/\/radiostudiow.com.br\/site\/wp-content\/uploads\/2025\/05\/POLAK-300x102.png 300w\" sizes=\"auto, (max-width: 598px) 100vw, 598px\" \/><\/figure>\n\n\n\n<p>Wuelliton desapareceu na quinta-feira, 16, ap\u00f3s sair de casa para trabalhar e n\u00e3o retornou.<\/p>\n\n\n\n<p>Ainda segundo informa\u00e7\u00f5es, h\u00e1 relatos de que ele esteve em uma regi\u00e3o de mata no bairro S\u00e3o Jo\u00e3o pouco antes de desaparecer.<\/p>\n\n\n\n<p>Al\u00e9m disso, foi levantada a hip\u00f3tese de que ele teria sido agredido por um grupo de homens.\u00a0Pela manh\u00e3, tamb\u00e9m foram encontrados no local objetos como uma mochila e uma pe\u00e7a de roupa.<\/p>\n\n\n\n<figure class=\"wp-block-gallery has-nested-images columns-default is-cropped wp-block-gallery-1 is-layout-flex wp-block-gallery-is-layout-flex\">\n<figure class=\"wp-block-image size-large\"><img loading=\"lazy\" decoding=\"async\" width=\"500\" height=\"500\" data-id=\"43855\" src=\"https:\/\/radiostudiow.com.br\/site\/wp-content\/uploads\/2025\/10\/image-56.png\" alt=\"\" class=\"wp-image-43855\" srcset=\"https:\/\/radiostudiow.com.br\/site\/wp-content\/uploads\/2025\/10\/image-56.png 500w, https:\/\/radiostudiow.com.br\/site\/wp-content\/uploads\/2025\/10\/image-56-300x300.png 300w, https:\/\/radiostudiow.com.br\/site\/wp-content\/uploads\/2025\/10\/image-56-80x80.png 80w\" sizes=\"auto, (max-width: 500px) 100vw, 500px\" \/><\/figure>\n\n\n\n<figure class=\"wp-block-image size-large\"><img loading=\"lazy\" decoding=\"async\" width=\"500\" height=\"354\" data-id=\"43854\" src=\"https:\/\/radiostudiow.com.br\/site\/wp-content\/uploads\/2025\/10\/image-55.png\" alt=\"\" class=\"wp-image-43854\" srcset=\"https:\/\/radiostudiow.com.br\/site\/wp-content\/uploads\/2025\/10\/image-55.png 500w, https:\/\/radiostudiow.com.br\/site\/wp-content\/uploads\/2025\/10\/image-55-300x212.png 300w\" sizes=\"auto, (max-width: 500px) 100vw, 500px\" \/><\/figure>\n<\/figure>\n","protected":false},"excerpt":{"rendered":"<p>Jovem de 26 anos, identificado como Wuelliton de Souza que estava desaparecido h\u00e1 cinco dias na cidade de General\u202fCarneiro foi encontrado morto em uma regi\u00e3o de mata nessa tarde de ter\u00e7a-feira (21). Segundo apurou a reportagem do Canal 4, 0 corpo estava escondido sob galhos em uma \u00e1rea de mata pr\u00f3xima ao Bairro Novo, e [&hellip;]<\/p>\n","protected":false},"author":2,"featured_media":43856,"comment_status":"open","ping_status":"open","sticky":false,"template":"","format":"standard","meta":{"footnotes":""},"categories":[185],"tags":[172],"class_list":["post-43852","post","type-post","status-publish","format-standard","has-post-thumbnail","hentry","category-regional","tag-featured"],"amp_enabled":true,"_links":{"self":[{"href":"https:\/\/radiostudiow.com.br\/site\/wp-json\/wp\/v2\/posts\/43852","targetHints":{"allow":["GET"]}}],"collection":[{"href":"https:\/\/radiostudiow.com.br\/site\/wp-json\/wp\/v2\/posts"}],"about":[{"href":"https:\/\/radiostudiow.com.br\/site\/wp-json\/wp\/v2\/types\/post"}],"author":[{"embeddable":true,"href":"https:\/\/radiostudiow.com.br\/site\/wp-json\/wp\/v2\/users\/2"}],"replies":[{"embeddable":true,"href":"https:\/\/radiostudiow.com.br\/site\/wp-json\/wp\/v2\/comments?post=43852"}],"version-history":[{"count":1,"href":"https:\/\/radiostudiow.com.br\/site\/wp-json\/wp\/v2\/posts\/43852\/revisions"}],"predecessor-version":[{"id":43857,"href":"https:\/\/radiostudiow.com.br\/site\/wp-json\/wp\/v2\/posts\/43852\/revisions\/43857"}],"wp:featuredmedia":[{"embeddable":true,"href":"https:\/\/radiostudiow.com.br\/site\/wp-json\/wp\/v2\/media\/43856"}],"wp:attachment":[{"href":"https:\/\/radiostudiow.com.br\/site\/wp-json\/wp\/v2\/media?parent=43852"}],"wp:term":[{"taxonomy":"category","embeddable":true,"href":"https:\/\/radiostudiow.com.br\/site\/wp-json\/wp\/v2\/categories?post=43852"},{"taxonomy":"post_tag","embeddable":true,"href":"https:\/\/radiostudiow.com.br\/site\/wp-json\/wp\/v2\/tags?post=43852"}],"curies":[{"name":"wp","href":"https:\/\/api.w.org\/{rel}","templated":true}]}}