{"id":43865,"date":"2025-10-22T09:36:05","date_gmt":"2025-10-22T12:36:05","guid":{"rendered":"https:\/\/radiostudiow.com.br\/site\/?p=43865"},"modified":"2025-10-22T09:36:41","modified_gmt":"2025-10-22T12:36:41","slug":"sicredi-lanca-o-premio-sicredi-comunicacao-em-rede-e-abre-inscricoes-para-jornalistas-e-criadores-de-conteudo","status":"publish","type":"post","link":"https:\/\/radiostudiow.com.br\/site\/2025\/10\/22\/sicredi-lanca-o-premio-sicredi-comunicacao-em-rede-e-abre-inscricoes-para-jornalistas-e-criadores-de-conteudo\/","title":{"rendered":"Sicredi lan\u00e7a o Pr\u00eamio Sicredi Comunica\u00e7\u00e3o em Rede e abre inscri\u00e7\u00f5es para jornalistas e criadores de conte\u00fado"},"content":{"rendered":"\n<p class=\"has-text-align-center\"><em>Iniciativa refor\u00e7a a import\u00e2ncia do jornalismo e da produ\u00e7\u00e3o de conte\u00fado para o fomento do cooperativismo de cr\u00e9dito para a sociedade<\/em><\/p>\n\n\n\n<p>O Sicredi, institui\u00e7\u00e3o financeira cooperativa com presen\u00e7a em todo o Brasil e mais de 9,5 milh\u00f5es de associados, anuncia a abertura das inscri\u00e7\u00f5es para a primeira edi\u00e7\u00e3o do&nbsp;Pr\u00eamio Sicredi Comunica\u00e7\u00e3o em Rede, que ir\u00e1 reconhecer e premiar jornalistas e criadores de conte\u00fado que publicaram materiais sobre o cooperativismo de cr\u00e9dito no pa\u00eds. O lan\u00e7amento acontece durante o 10\u00ba Encontro Nacional com Jornalistas e Formadores de Opini\u00e3o do Sicredi, em Porto Alegre (RS).&nbsp;<\/p>\n\n\n\n<p>O lan\u00e7amento do Pr\u00eamio faz parte do movimento da marca em alus\u00e3o ao Ano Internacional das Cooperativas (2025), institu\u00eddo pela Organiza\u00e7\u00e3o das Na\u00e7\u00f5es Unidas (ONU). As mat\u00e9rias inscritas dever\u00e3o retratar a tem\u00e1tica do cooperativismo de cr\u00e9dito no Brasil.&nbsp;<\/p>\n\n\n\n<figure class=\"wp-block-image size-full\"><img loading=\"lazy\" decoding=\"async\" width=\"897\" height=\"204\" src=\"https:\/\/radiostudiow.com.br\/site\/wp-content\/uploads\/2025\/01\/SITE-GRANDE3.png\" alt=\"\" class=\"wp-image-32900\" srcset=\"https:\/\/radiostudiow.com.br\/site\/wp-content\/uploads\/2025\/01\/SITE-GRANDE3.png 897w, https:\/\/radiostudiow.com.br\/site\/wp-content\/uploads\/2025\/01\/SITE-GRANDE3-300x68.png 300w, https:\/\/radiostudiow.com.br\/site\/wp-content\/uploads\/2025\/01\/SITE-GRANDE3-768x175.png 768w\" sizes=\"auto, (max-width: 897px) 100vw, 897px\" \/><\/figure>\n\n\n\n<p>A iniciativa refor\u00e7a o compromisso da Institui\u00e7\u00e3o com o fortalecimento do jornalismo brasileiro e com a cria\u00e7\u00e3o de conte\u00fados qualificados e genu\u00ednos, que valorizem o impacto do cooperativismo de cr\u00e9dito na transforma\u00e7\u00e3o de realidades por meio da inclus\u00e3o financeira, e o desenvolvimento social e local e da coopera\u00e7\u00e3o entre pessoas.<\/p>\n\n\n\n<p>Com premia\u00e7\u00e3o total de R$ 220 mil, o concurso est\u00e1 dividido em duas categorias principais: Jornalistas Profissionais (com subcategorias em texto, \u00e1udio e audiovisual, nos \u00e2mbitos nacional, regional e local) e Comunicadores em Rede (criadores de conte\u00fado digital com projetos multim\u00eddia). No total ser\u00e3o 11 pr\u00eamios de R$ 20 mil.&nbsp;<\/p>\n\n\n\n<div class=\"wp-block-media-text is-stacked-on-mobile\"><figure class=\"wp-block-media-text__media\"><img loading=\"lazy\" decoding=\"async\" width=\"1024\" height=\"1024\" src=\"https:\/\/radiostudiow.com.br\/site\/wp-content\/uploads\/2025\/10\/LinkedIn-1024x1024.png\" alt=\"\" class=\"wp-image-43870 size-full\" srcset=\"https:\/\/radiostudiow.com.br\/site\/wp-content\/uploads\/2025\/10\/LinkedIn-1024x1024.png 1024w, https:\/\/radiostudiow.com.br\/site\/wp-content\/uploads\/2025\/10\/LinkedIn-300x300.png 300w, https:\/\/radiostudiow.com.br\/site\/wp-content\/uploads\/2025\/10\/LinkedIn-768x768.png 768w, https:\/\/radiostudiow.com.br\/site\/wp-content\/uploads\/2025\/10\/LinkedIn-80x80.png 80w, https:\/\/radiostudiow.com.br\/site\/wp-content\/uploads\/2025\/10\/LinkedIn.png 1080w\" sizes=\"auto, (max-width: 1024px) 100vw, 1024px\" \/><\/figure><div class=\"wp-block-media-text__content\">\n<p><em><strong>\u201cO Pr\u00eamio Sicredi Comunica\u00e7\u00e3o em Rede simboliza nossa cren\u00e7a no papel transformador do cooperativismo por meio da comunica\u00e7\u00e3o e no potencial do jornalismo em amplificar o conhecimento da sociedade sobre cooperativismo de cr\u00e9dito. Nossa inten\u00e7\u00e3o \u00e9 incentivar profissionais e criadores de conte\u00fado a contar hist\u00f3rias que inspiram, conscientizem e fortale\u00e7am nossa identidade cooperativa\u201d,<\/strong> afirma Jo\u00e3o Clark, superintendente de Marketing e Growth do Sicredi.<\/em><\/p>\n<\/div><\/div>\n\n\n\n<h2 class=\"wp-block-heading has-text-align-center\"><strong>Podem se inscrever no Pr\u00eamio Sicredi Comunica\u00e7\u00e3o em Rede:<\/strong><\/h2>\n\n\n\n<p>Jornalistas profissionais: autores de mat\u00e9rias publicadas em ve\u00edculos da imprensa brasileira, em l\u00edngua portuguesa, entre 07 de outubro de 2025 a 30 de junho de 2026. Ser\u00e3o aceitos conte\u00fados nos formatos texto, \u00e1udio e audiovisual, veiculados em meios impressos, digitais, r\u00e1dio ou televis\u00e3o.&nbsp;<\/p>\n\n\n\n<p>Comunicadores em rede (criadores de conte\u00fado digital): autores de conte\u00fados originais sobre cooperativismo de cr\u00e9dito, publicados em blogs, m\u00eddias sociais, podcasts, servi\u00e7os de streaming ou outras plataformas digitais, desde que em l\u00edngua portuguesa, com link p\u00fablico. Como requisito, o participante deve possuir um m\u00ednimo de 5.000 seguidores em pelo menos um \u00fanico perfil de rede social.<\/p>\n\n\n\n<p>Todos os participantes devem ser pessoas f\u00edsicas, maiores de 18 anos, domiciliados no Brasil, com cadastro regular no CPF. Os materiais inscritos ser\u00e3o avaliados a partir de crit\u00e9rios como: t\u00e9cnico (qualidade da produ\u00e7\u00e3o, apura\u00e7\u00e3o jornal\u00edstica, inova\u00e7\u00e3o); impacto (relev\u00e2ncia social, alcance, influ\u00eancia) e criatividade (originalidade, engajamento).<\/p>\n\n\n\n<h2 class=\"wp-block-heading has-text-align-center\"><strong>Como se inscrever<\/strong><\/h2>\n\n\n\n<p class=\"has-text-align-center\">As inscri\u00e7\u00f5es devem ser feitas at\u00e9 30 de junho de 2026, exclusivamente pelo site&nbsp;<a href=\"http:\/\/www.sicredi.com.br\/premio-comunicacao-em-rede\" target=\"_blank\" rel=\"noreferrer noopener\">www.sicredi.com.br\/premio-comunicacao-em-rede<\/a><\/p>\n\n\n\n<figure class=\"wp-block-image size-large\"><img loading=\"lazy\" decoding=\"async\" width=\"1024\" height=\"339\" src=\"https:\/\/radiostudiow.com.br\/site\/wp-content\/uploads\/2025\/10\/AFT_SICREDI_75457_ANUNCIO_JN_MES_DA_POUPANCA_PREMIADA_261X171-1024x339.png\" alt=\"\" class=\"wp-image-43867\" srcset=\"https:\/\/radiostudiow.com.br\/site\/wp-content\/uploads\/2025\/10\/AFT_SICREDI_75457_ANUNCIO_JN_MES_DA_POUPANCA_PREMIADA_261X171-1024x339.png 1024w, https:\/\/radiostudiow.com.br\/site\/wp-content\/uploads\/2025\/10\/AFT_SICREDI_75457_ANUNCIO_JN_MES_DA_POUPANCA_PREMIADA_261X171-300x99.png 300w, https:\/\/radiostudiow.com.br\/site\/wp-content\/uploads\/2025\/10\/AFT_SICREDI_75457_ANUNCIO_JN_MES_DA_POUPANCA_PREMIADA_261X171-768x254.png 768w, https:\/\/radiostudiow.com.br\/site\/wp-content\/uploads\/2025\/10\/AFT_SICREDI_75457_ANUNCIO_JN_MES_DA_POUPANCA_PREMIADA_261X171-1536x508.png 1536w, https:\/\/radiostudiow.com.br\/site\/wp-content\/uploads\/2025\/10\/AFT_SICREDI_75457_ANUNCIO_JN_MES_DA_POUPANCA_PREMIADA_261X171-2048x677.png 2048w\" sizes=\"auto, (max-width: 1024px) 100vw, 1024px\" \/><\/figure>\n\n\n\n<p><strong><em>Sobre o Sicredi<\/em><\/strong><\/p>\n\n\n\n<p><em>O Sicredi \u00e9 uma institui\u00e7\u00e3o financeira cooperativa comprometida com o crescimento de seus associados e com o desenvolvimento das regi\u00f5es onde atua. Possui um modelo de gest\u00e3o que valoriza a participa\u00e7\u00e3o dos mais de 9,5 milh\u00f5es de associados, que exercem o papel de donos do neg\u00f3cio. Com mais de 3 mil ag\u00eancias, o Sicredi est\u00e1 presente fisicamente em todos os estados brasileiros e no Distrito Federal, disponibilizando uma gama completa de solu\u00e7\u00f5es financeiras e n\u00e3o financeiras.<\/em><\/p>\n\n\n\n<p><em>Site do Sicredi:<a href=\"http:\/\/www.sicredi.com.br\/site\" target=\"_blank\" rel=\"noreferrer noopener\">&nbsp;Clique aqui<\/a>&nbsp;&nbsp;<\/em><\/p>\n\n\n\n<p><\/p>\n","protected":false},"excerpt":{"rendered":"<p>Iniciativa refor\u00e7a a import\u00e2ncia do jornalismo e da produ\u00e7\u00e3o de conte\u00fado para o fomento do cooperativismo de cr\u00e9dito para a sociedade O Sicredi, institui\u00e7\u00e3o financeira cooperativa com presen\u00e7a em todo o Brasil e mais de 9,5 milh\u00f5es de associados, anuncia a abertura das inscri\u00e7\u00f5es para a primeira edi\u00e7\u00e3o do&nbsp;Pr\u00eamio Sicredi Comunica\u00e7\u00e3o em Rede, que ir\u00e1 [&hellip;]<\/p>\n","protected":false},"author":2,"featured_media":43866,"comment_status":"open","ping_status":"open","sticky":false,"template":"","format":"standard","meta":{"footnotes":""},"categories":[7],"tags":[172],"class_list":["post-43865","post","type-post","status-publish","format-standard","has-post-thumbnail","hentry","category-geral","tag-featured"],"amp_enabled":true,"_links":{"self":[{"href":"https:\/\/radiostudiow.com.br\/site\/wp-json\/wp\/v2\/posts\/43865","targetHints":{"allow":["GET"]}}],"collection":[{"href":"https:\/\/radiostudiow.com.br\/site\/wp-json\/wp\/v2\/posts"}],"about":[{"href":"https:\/\/radiostudiow.com.br\/site\/wp-json\/wp\/v2\/types\/post"}],"author":[{"embeddable":true,"href":"https:\/\/radiostudiow.com.br\/site\/wp-json\/wp\/v2\/users\/2"}],"replies":[{"embeddable":true,"href":"https:\/\/radiostudiow.com.br\/site\/wp-json\/wp\/v2\/comments?post=43865"}],"version-history":[{"count":2,"href":"https:\/\/radiostudiow.com.br\/site\/wp-json\/wp\/v2\/posts\/43865\/revisions"}],"predecessor-version":[{"id":43871,"href":"https:\/\/radiostudiow.com.br\/site\/wp-json\/wp\/v2\/posts\/43865\/revisions\/43871"}],"wp:featuredmedia":[{"embeddable":true,"href":"https:\/\/radiostudiow.com.br\/site\/wp-json\/wp\/v2\/media\/43866"}],"wp:attachment":[{"href":"https:\/\/radiostudiow.com.br\/site\/wp-json\/wp\/v2\/media?parent=43865"}],"wp:term":[{"taxonomy":"category","embeddable":true,"href":"https:\/\/radiostudiow.com.br\/site\/wp-json\/wp\/v2\/categories?post=43865"},{"taxonomy":"post_tag","embeddable":true,"href":"https:\/\/radiostudiow.com.br\/site\/wp-json\/wp\/v2\/tags?post=43865"}],"curies":[{"name":"wp","href":"https:\/\/api.w.org\/{rel}","templated":true}]}}