{"id":43878,"date":"2025-10-22T09:54:43","date_gmt":"2025-10-22T12:54:43","guid":{"rendered":"https:\/\/radiostudiow.com.br\/site\/?p=43878"},"modified":"2025-10-22T09:54:44","modified_gmt":"2025-10-22T12:54:44","slug":"segunda-apreensao-de-armas-de-fogo-no-mesmo-dia-em-general-carneiro","status":"publish","type":"post","link":"https:\/\/radiostudiow.com.br\/site\/2025\/10\/22\/segunda-apreensao-de-armas-de-fogo-no-mesmo-dia-em-general-carneiro\/","title":{"rendered":"Segunda apreens\u00e3o de armas de fogo no mesmo dia em General Carneiro"},"content":{"rendered":"\n<figure class=\"wp-block-image size-full\"><img loading=\"lazy\" decoding=\"async\" width=\"897\" height=\"204\" src=\"https:\/\/radiostudiow.com.br\/site\/wp-content\/uploads\/2025\/02\/SITE-GRANDE7.png\" alt=\"\" class=\"wp-image-33861\" srcset=\"https:\/\/radiostudiow.com.br\/site\/wp-content\/uploads\/2025\/02\/SITE-GRANDE7.png 897w, https:\/\/radiostudiow.com.br\/site\/wp-content\/uploads\/2025\/02\/SITE-GRANDE7-300x68.png 300w, https:\/\/radiostudiow.com.br\/site\/wp-content\/uploads\/2025\/02\/SITE-GRANDE7-768x175.png 768w\" sizes=\"auto, (max-width: 897px) 100vw, 897px\" \/><\/figure>\n\n\n\n<p>Ap\u00f3s levantamento de informa\u00e7\u00f5es, as equipe da Pol\u00edcia Militar de General Carneiro se deslocaram at\u00e9 uma resid\u00eancia para averiguar uma situa\u00e7\u00e3o de armamento irregular, por volta das 12h40min dessa ter\u00e7a-feira (21).<\/p>\n\n\n\n<p>No local, os policiais entraram em contato com a propriet\u00e1ria, a qual confirmou a posse das armas, entregando para a equipe policial um rev\u00f3lver 38 e uma carabina.22, al\u00e9m de diversas muni\u00e7\u00f5es.<\/p>\n\n\n\n<p>Ap\u00f3s os tr\u00e2mites, as armas foram apreendidas e encaminhadas a 4\u00aa SDP.<\/p>\n\n\n\n<figure class=\"wp-block-image size-full\"><img loading=\"lazy\" decoding=\"async\" width=\"300\" height=\"180\" src=\"https:\/\/radiostudiow.com.br\/site\/wp-content\/uploads\/2025\/05\/VANE.png\" alt=\"\" class=\"wp-image-38014\"\/><\/figure>\n\n\n\n<p><\/p>\n","protected":false},"excerpt":{"rendered":"<p>Ap\u00f3s levantamento de informa\u00e7\u00f5es, as equipe da Pol\u00edcia Militar de General Carneiro se deslocaram at\u00e9 uma resid\u00eancia para averiguar uma situa\u00e7\u00e3o de armamento irregular, por volta das 12h40min dessa ter\u00e7a-feira (21). No local, os policiais entraram em contato com a propriet\u00e1ria, a qual confirmou a posse das armas, entregando para a equipe policial um rev\u00f3lver [&hellip;]<\/p>\n","protected":false},"author":2,"featured_media":43879,"comment_status":"open","ping_status":"open","sticky":false,"template":"","format":"standard","meta":{"footnotes":""},"categories":[2],"tags":[172],"class_list":["post-43878","post","type-post","status-publish","format-standard","has-post-thumbnail","hentry","category-policial","tag-featured"],"amp_enabled":true,"_links":{"self":[{"href":"https:\/\/radiostudiow.com.br\/site\/wp-json\/wp\/v2\/posts\/43878","targetHints":{"allow":["GET"]}}],"collection":[{"href":"https:\/\/radiostudiow.com.br\/site\/wp-json\/wp\/v2\/posts"}],"about":[{"href":"https:\/\/radiostudiow.com.br\/site\/wp-json\/wp\/v2\/types\/post"}],"author":[{"embeddable":true,"href":"https:\/\/radiostudiow.com.br\/site\/wp-json\/wp\/v2\/users\/2"}],"replies":[{"embeddable":true,"href":"https:\/\/radiostudiow.com.br\/site\/wp-json\/wp\/v2\/comments?post=43878"}],"version-history":[{"count":1,"href":"https:\/\/radiostudiow.com.br\/site\/wp-json\/wp\/v2\/posts\/43878\/revisions"}],"predecessor-version":[{"id":43880,"href":"https:\/\/radiostudiow.com.br\/site\/wp-json\/wp\/v2\/posts\/43878\/revisions\/43880"}],"wp:featuredmedia":[{"embeddable":true,"href":"https:\/\/radiostudiow.com.br\/site\/wp-json\/wp\/v2\/media\/43879"}],"wp:attachment":[{"href":"https:\/\/radiostudiow.com.br\/site\/wp-json\/wp\/v2\/media?parent=43878"}],"wp:term":[{"taxonomy":"category","embeddable":true,"href":"https:\/\/radiostudiow.com.br\/site\/wp-json\/wp\/v2\/categories?post=43878"},{"taxonomy":"post_tag","embeddable":true,"href":"https:\/\/radiostudiow.com.br\/site\/wp-json\/wp\/v2\/tags?post=43878"}],"curies":[{"name":"wp","href":"https:\/\/api.w.org\/{rel}","templated":true}]}}