{"id":43881,"date":"2025-10-22T10:01:56","date_gmt":"2025-10-22T13:01:56","guid":{"rendered":"https:\/\/radiostudiow.com.br\/site\/?p=43881"},"modified":"2025-10-22T10:01:57","modified_gmt":"2025-10-22T13:01:57","slug":"policia-militar-prende-homens-por-trafico-de-drogas-em-uniao-da-vitoria","status":"publish","type":"post","link":"https:\/\/radiostudiow.com.br\/site\/2025\/10\/22\/policia-militar-prende-homens-por-trafico-de-drogas-em-uniao-da-vitoria\/","title":{"rendered":"Pol\u00edcia Militar prende homens por tr\u00e1fico de drogas em Uni\u00e3o da Vit\u00f3ria"},"content":{"rendered":"\n<figure class=\"wp-block-image size-full\"><img loading=\"lazy\" decoding=\"async\" width=\"897\" height=\"207\" src=\"https:\/\/radiostudiow.com.br\/site\/wp-content\/uploads\/2025\/07\/TIJOLAO.png\" alt=\"\" class=\"wp-image-40184\" srcset=\"https:\/\/radiostudiow.com.br\/site\/wp-content\/uploads\/2025\/07\/TIJOLAO.png 897w, https:\/\/radiostudiow.com.br\/site\/wp-content\/uploads\/2025\/07\/TIJOLAO-300x69.png 300w, https:\/\/radiostudiow.com.br\/site\/wp-content\/uploads\/2025\/07\/TIJOLAO-768x177.png 768w\" sizes=\"auto, (max-width: 897px) 100vw, 897px\" \/><\/figure>\n\n\n\n<p>A equipe da Pol\u00edcia Militar de Uni\u00e3o da Vit\u00f3ria de posse de informa\u00e7\u00f5es de que pessoas e um ve\u00edculo<br>suspeito cor prata se encontravam circulando as margens da BR-476 por volta das 19 horas dessa ter\u00e7a-feira (21).<\/p>\n\n\n\n<p>O ve\u00edculo suspeito se encontrava pr\u00f3ximo a entrada do bairro Nossa Senhora Aparecida, no local a equipe policial visualizou o ve\u00edculo com 04 homens em seu interior, fato este que gerou a abordagem.<\/p>\n\n\n\n<p>Sendo localizado 1,565 kg (um quilo quinhentos e sessenta e cinco gramas), de subst\u00e2ncia an\u00e1loga a coca\u00edna. Foram conduzidos a 4a subdivis\u00e3o policial para aprecia\u00e7\u00e3o da autoridade policial.<\/p>\n\n\n\n<figure class=\"wp-block-image size-full\"><img loading=\"lazy\" decoding=\"async\" width=\"300\" height=\"180\" src=\"https:\/\/radiostudiow.com.br\/site\/wp-content\/uploads\/2025\/06\/PLAY-HALL.png\" alt=\"\" class=\"wp-image-39582\"\/><\/figure>\n","protected":false},"excerpt":{"rendered":"<p>A equipe da Pol\u00edcia Militar de Uni\u00e3o da Vit\u00f3ria de posse de informa\u00e7\u00f5es de que pessoas e um ve\u00edculosuspeito cor prata se encontravam circulando as margens da BR-476 por volta das 19 horas dessa ter\u00e7a-feira (21). O ve\u00edculo suspeito se encontrava pr\u00f3ximo a entrada do bairro Nossa Senhora Aparecida, no local a equipe policial visualizou [&hellip;]<\/p>\n","protected":false},"author":2,"featured_media":43882,"comment_status":"open","ping_status":"open","sticky":false,"template":"","format":"standard","meta":{"footnotes":""},"categories":[2],"tags":[172],"class_list":["post-43881","post","type-post","status-publish","format-standard","has-post-thumbnail","hentry","category-policial","tag-featured"],"amp_enabled":true,"_links":{"self":[{"href":"https:\/\/radiostudiow.com.br\/site\/wp-json\/wp\/v2\/posts\/43881","targetHints":{"allow":["GET"]}}],"collection":[{"href":"https:\/\/radiostudiow.com.br\/site\/wp-json\/wp\/v2\/posts"}],"about":[{"href":"https:\/\/radiostudiow.com.br\/site\/wp-json\/wp\/v2\/types\/post"}],"author":[{"embeddable":true,"href":"https:\/\/radiostudiow.com.br\/site\/wp-json\/wp\/v2\/users\/2"}],"replies":[{"embeddable":true,"href":"https:\/\/radiostudiow.com.br\/site\/wp-json\/wp\/v2\/comments?post=43881"}],"version-history":[{"count":2,"href":"https:\/\/radiostudiow.com.br\/site\/wp-json\/wp\/v2\/posts\/43881\/revisions"}],"predecessor-version":[{"id":43884,"href":"https:\/\/radiostudiow.com.br\/site\/wp-json\/wp\/v2\/posts\/43881\/revisions\/43884"}],"wp:featuredmedia":[{"embeddable":true,"href":"https:\/\/radiostudiow.com.br\/site\/wp-json\/wp\/v2\/media\/43882"}],"wp:attachment":[{"href":"https:\/\/radiostudiow.com.br\/site\/wp-json\/wp\/v2\/media?parent=43881"}],"wp:term":[{"taxonomy":"category","embeddable":true,"href":"https:\/\/radiostudiow.com.br\/site\/wp-json\/wp\/v2\/categories?post=43881"},{"taxonomy":"post_tag","embeddable":true,"href":"https:\/\/radiostudiow.com.br\/site\/wp-json\/wp\/v2\/tags?post=43881"}],"curies":[{"name":"wp","href":"https:\/\/api.w.org\/{rel}","templated":true}]}}