{"id":43888,"date":"2025-10-22T10:41:26","date_gmt":"2025-10-22T13:41:26","guid":{"rendered":"https:\/\/radiostudiow.com.br\/site\/?p=43888"},"modified":"2025-10-22T10:41:26","modified_gmt":"2025-10-22T13:41:26","slug":"acidente-envolve-tres-carros-e-uma-moto-no-centro-de-uniao-da-vitoria","status":"publish","type":"post","link":"https:\/\/radiostudiow.com.br\/site\/2025\/10\/22\/acidente-envolve-tres-carros-e-uma-moto-no-centro-de-uniao-da-vitoria\/","title":{"rendered":"Acidente envolve tr\u00eas carros e uma moto no centro de Uni\u00e3o da Vit\u00f3ria"},"content":{"rendered":"\n<figure class=\"wp-block-image size-full\"><img loading=\"lazy\" decoding=\"async\" width=\"897\" height=\"204\" src=\"https:\/\/radiostudiow.com.br\/site\/wp-content\/uploads\/2025\/05\/NUTRI-MALLET.png\" alt=\"\" class=\"wp-image-37813\" srcset=\"https:\/\/radiostudiow.com.br\/site\/wp-content\/uploads\/2025\/05\/NUTRI-MALLET.png 897w, https:\/\/radiostudiow.com.br\/site\/wp-content\/uploads\/2025\/05\/NUTRI-MALLET-300x68.png 300w, https:\/\/radiostudiow.com.br\/site\/wp-content\/uploads\/2025\/05\/NUTRI-MALLET-768x175.png 768w\" sizes=\"auto, (max-width: 897px) 100vw, 897px\" \/><\/figure>\n\n\n\n<p class=\"has-text-align-center\"><em>Da reda\u00e7\u00e3o V.Vale \/ Fotos: Assis O rep\u00f3rter<\/em><\/p>\n\n\n\n<p>Um acidente de tr\u00e2nsito envolvendo tr\u00eas autom\u00f3veis e uma motocicleta foi registrado nas esquinas das ruas Benjamin Constant e Clot\u00e1rio Portugal, \u00e1rea central de Uni\u00e3o da Vit\u00f3ria na manh\u00e3 desta quarta-feira (22).<\/p>\n\n\n\n<p>Segundo informa\u00e7\u00f5es, o VW\/Gol com placas de Uni\u00e3o da Vit\u00f3ria, colidiu na lateral de um VW\/Gol, tamb\u00e9m com placas do munic\u00edpio.<\/p>\n\n\n\n<p>Com o impacto, o Gol vermelho atingiu uma motocicleta Honda\/Biz que estava estacionada, e a moto foi lan\u00e7ada sobre um Ford\/New Fiesta, com placas de Curitiba, que tamb\u00e9m estava estacionado.<\/p>\n\n\n\n<figure class=\"wp-block-image size-full\"><img loading=\"lazy\" decoding=\"async\" width=\"598\" height=\"204\" src=\"https:\/\/radiostudiow.com.br\/site\/wp-content\/uploads\/2024\/01\/SITE-MEDIO.png\" alt=\"\" class=\"wp-image-18916\" srcset=\"https:\/\/radiostudiow.com.br\/site\/wp-content\/uploads\/2024\/01\/SITE-MEDIO.png 598w, https:\/\/radiostudiow.com.br\/site\/wp-content\/uploads\/2024\/01\/SITE-MEDIO-300x102.png 300w\" sizes=\"auto, (max-width: 598px) 100vw, 598px\" \/><\/figure>\n\n\n\n<p>Ningu\u00e9m ficou ferido na situa\u00e7\u00e3o. Todos os ve\u00edculos tiveram danos materiais, sendo que a motocicleta ficou completamente destru\u00edda.<\/p>\n\n\n\n<p>A Pol\u00edcia Militar esteve no local para confeccionar o boletim de ocorr\u00eancia.<\/p>\n\n\n\n<figure class=\"wp-block-image size-full\"><img loading=\"lazy\" decoding=\"async\" width=\"684\" height=\"600\" src=\"https:\/\/radiostudiow.com.br\/site\/wp-content\/uploads\/2025\/10\/image-58.png\" alt=\"\" class=\"wp-image-43889\" srcset=\"https:\/\/radiostudiow.com.br\/site\/wp-content\/uploads\/2025\/10\/image-58.png 684w, https:\/\/radiostudiow.com.br\/site\/wp-content\/uploads\/2025\/10\/image-58-300x263.png 300w\" sizes=\"auto, (max-width: 684px) 100vw, 684px\" \/><\/figure>\n\n\n\n<figure class=\"wp-block-image size-full\"><img loading=\"lazy\" decoding=\"async\" width=\"720\" height=\"540\" src=\"https:\/\/radiostudiow.com.br\/site\/wp-content\/uploads\/2025\/10\/image-60.png\" alt=\"\" class=\"wp-image-43891\" srcset=\"https:\/\/radiostudiow.com.br\/site\/wp-content\/uploads\/2025\/10\/image-60.png 720w, https:\/\/radiostudiow.com.br\/site\/wp-content\/uploads\/2025\/10\/image-60-300x225.png 300w\" sizes=\"auto, (max-width: 720px) 100vw, 720px\" \/><\/figure>\n\n\n\n<figure class=\"wp-block-image size-full\"><img loading=\"lazy\" decoding=\"async\" width=\"392\" height=\"600\" src=\"https:\/\/radiostudiow.com.br\/site\/wp-content\/uploads\/2025\/10\/image-61.png\" alt=\"\" class=\"wp-image-43892\" srcset=\"https:\/\/radiostudiow.com.br\/site\/wp-content\/uploads\/2025\/10\/image-61.png 392w, https:\/\/radiostudiow.com.br\/site\/wp-content\/uploads\/2025\/10\/image-61-196x300.png 196w\" sizes=\"auto, (max-width: 392px) 100vw, 392px\" \/><\/figure>\n","protected":false},"excerpt":{"rendered":"<p>Da reda\u00e7\u00e3o V.Vale \/ Fotos: Assis O rep\u00f3rter Um acidente de tr\u00e2nsito envolvendo tr\u00eas autom\u00f3veis e uma motocicleta foi registrado nas esquinas das ruas Benjamin Constant e Clot\u00e1rio Portugal, \u00e1rea central de Uni\u00e3o da Vit\u00f3ria na manh\u00e3 desta quarta-feira (22). Segundo informa\u00e7\u00f5es, o VW\/Gol com placas de Uni\u00e3o da Vit\u00f3ria, colidiu na lateral de um [&hellip;]<\/p>\n","protected":false},"author":2,"featured_media":43890,"comment_status":"open","ping_status":"open","sticky":false,"template":"","format":"standard","meta":{"footnotes":""},"categories":[185],"tags":[172],"class_list":["post-43888","post","type-post","status-publish","format-standard","has-post-thumbnail","hentry","category-regional","tag-featured"],"amp_enabled":true,"_links":{"self":[{"href":"https:\/\/radiostudiow.com.br\/site\/wp-json\/wp\/v2\/posts\/43888","targetHints":{"allow":["GET"]}}],"collection":[{"href":"https:\/\/radiostudiow.com.br\/site\/wp-json\/wp\/v2\/posts"}],"about":[{"href":"https:\/\/radiostudiow.com.br\/site\/wp-json\/wp\/v2\/types\/post"}],"author":[{"embeddable":true,"href":"https:\/\/radiostudiow.com.br\/site\/wp-json\/wp\/v2\/users\/2"}],"replies":[{"embeddable":true,"href":"https:\/\/radiostudiow.com.br\/site\/wp-json\/wp\/v2\/comments?post=43888"}],"version-history":[{"count":1,"href":"https:\/\/radiostudiow.com.br\/site\/wp-json\/wp\/v2\/posts\/43888\/revisions"}],"predecessor-version":[{"id":43893,"href":"https:\/\/radiostudiow.com.br\/site\/wp-json\/wp\/v2\/posts\/43888\/revisions\/43893"}],"wp:featuredmedia":[{"embeddable":true,"href":"https:\/\/radiostudiow.com.br\/site\/wp-json\/wp\/v2\/media\/43890"}],"wp:attachment":[{"href":"https:\/\/radiostudiow.com.br\/site\/wp-json\/wp\/v2\/media?parent=43888"}],"wp:term":[{"taxonomy":"category","embeddable":true,"href":"https:\/\/radiostudiow.com.br\/site\/wp-json\/wp\/v2\/categories?post=43888"},{"taxonomy":"post_tag","embeddable":true,"href":"https:\/\/radiostudiow.com.br\/site\/wp-json\/wp\/v2\/tags?post=43888"}],"curies":[{"name":"wp","href":"https:\/\/api.w.org\/{rel}","templated":true}]}}