{"id":43908,"date":"2025-10-22T20:55:32","date_gmt":"2025-10-22T23:55:32","guid":{"rendered":"https:\/\/radiostudiow.com.br\/site\/?p=43908"},"modified":"2025-10-22T20:55:33","modified_gmt":"2025-10-22T23:55:33","slug":"homem-e-agredido-e-sofre-ferimentos-no-rosto-em-rio-azul","status":"publish","type":"post","link":"https:\/\/radiostudiow.com.br\/site\/2025\/10\/22\/homem-e-agredido-e-sofre-ferimentos-no-rosto-em-rio-azul\/","title":{"rendered":"Homem \u00e9 agredido e sofre ferimentos no rosto em Rio Azul"},"content":{"rendered":"\n<p>Na noite de ter\u00e7a-feira, 21 de outubro, a equipe do 2\u00ba Pelot\u00e3o da 8\u00aa Companhia Independente da Pol\u00edcia Militar de Rio Azul foi acionada pelo Copom para atender uma ocorr\u00eancia de les\u00e3o corporal.<\/p>\n\n\n\n<p>Segundo a PM, a den\u00fancia informava que um homem estaria ca\u00eddo com ferimentos na regi\u00e3o do rosto, nas proximidades de uma resid\u00eancia. Ao chegar ao local, os policiais encontraram a v\u00edtima com cortes na cabe\u00e7a e sinais de embriaguez.<\/p>\n\n\n\n<figure class=\"wp-block-image size-full\"><img loading=\"lazy\" decoding=\"async\" width=\"598\" height=\"204\" src=\"https:\/\/radiostudiow.com.br\/site\/wp-content\/uploads\/2024\/10\/labirati.png\" alt=\"\" class=\"wp-image-28854\" srcset=\"https:\/\/radiostudiow.com.br\/site\/wp-content\/uploads\/2024\/10\/labirati.png 598w, https:\/\/radiostudiow.com.br\/site\/wp-content\/uploads\/2024\/10\/labirati-300x102.png 300w\" sizes=\"auto, (max-width: 598px) 100vw, 598px\" \/><\/figure>\n\n\n\n<p>O Servi\u00e7o de Atendimento M\u00f3vel de Urg\u00eancia (SAMU) foi acionado e prestou os primeiros socorros, encaminhando o homem ao Hospital de Caridade S\u00e3o Francisco de Assis, onde foi acompanhado por seu irm\u00e3o.<\/p>\n\n\n\n<p>J\u00e1 no hospital, a v\u00edtima relatou aos policiais que havia sido agredida por alguns homens em um bar, mas n\u00e3o soube identificar os envolvidos. O caso foi registrado em boletim de ocorr\u00eancia para as devidas provid\u00eancias e a v\u00edtima permaneceu sob cuidados m\u00e9dicos.<\/p>\n\n\n\n<figure class=\"wp-block-image size-full\"><img loading=\"lazy\" decoding=\"async\" width=\"1024\" height=\"591\" src=\"https:\/\/radiostudiow.com.br\/site\/wp-content\/uploads\/2025\/09\/image-61.png\" alt=\"\" class=\"wp-image-42556\" srcset=\"https:\/\/radiostudiow.com.br\/site\/wp-content\/uploads\/2025\/09\/image-61.png 1024w, https:\/\/radiostudiow.com.br\/site\/wp-content\/uploads\/2025\/09\/image-61-300x173.png 300w, https:\/\/radiostudiow.com.br\/site\/wp-content\/uploads\/2025\/09\/image-61-768x443.png 768w\" sizes=\"auto, (max-width: 1024px) 100vw, 1024px\" \/><\/figure>\n","protected":false},"excerpt":{"rendered":"<p>Na noite de ter\u00e7a-feira, 21 de outubro, a equipe do 2\u00ba Pelot\u00e3o da 8\u00aa Companhia Independente da Pol\u00edcia Militar de Rio Azul foi acionada pelo Copom para atender uma ocorr\u00eancia de les\u00e3o corporal. Segundo a PM, a den\u00fancia informava que um homem estaria ca\u00eddo com ferimentos na regi\u00e3o do rosto, nas proximidades de uma resid\u00eancia. [&hellip;]<\/p>\n","protected":false},"author":2,"featured_media":35305,"comment_status":"open","ping_status":"open","sticky":false,"template":"","format":"standard","meta":{"footnotes":""},"categories":[2],"tags":[172],"class_list":["post-43908","post","type-post","status-publish","format-standard","has-post-thumbnail","hentry","category-policial","tag-featured"],"amp_enabled":true,"_links":{"self":[{"href":"https:\/\/radiostudiow.com.br\/site\/wp-json\/wp\/v2\/posts\/43908","targetHints":{"allow":["GET"]}}],"collection":[{"href":"https:\/\/radiostudiow.com.br\/site\/wp-json\/wp\/v2\/posts"}],"about":[{"href":"https:\/\/radiostudiow.com.br\/site\/wp-json\/wp\/v2\/types\/post"}],"author":[{"embeddable":true,"href":"https:\/\/radiostudiow.com.br\/site\/wp-json\/wp\/v2\/users\/2"}],"replies":[{"embeddable":true,"href":"https:\/\/radiostudiow.com.br\/site\/wp-json\/wp\/v2\/comments?post=43908"}],"version-history":[{"count":1,"href":"https:\/\/radiostudiow.com.br\/site\/wp-json\/wp\/v2\/posts\/43908\/revisions"}],"predecessor-version":[{"id":43909,"href":"https:\/\/radiostudiow.com.br\/site\/wp-json\/wp\/v2\/posts\/43908\/revisions\/43909"}],"wp:featuredmedia":[{"embeddable":true,"href":"https:\/\/radiostudiow.com.br\/site\/wp-json\/wp\/v2\/media\/35305"}],"wp:attachment":[{"href":"https:\/\/radiostudiow.com.br\/site\/wp-json\/wp\/v2\/media?parent=43908"}],"wp:term":[{"taxonomy":"category","embeddable":true,"href":"https:\/\/radiostudiow.com.br\/site\/wp-json\/wp\/v2\/categories?post=43908"},{"taxonomy":"post_tag","embeddable":true,"href":"https:\/\/radiostudiow.com.br\/site\/wp-json\/wp\/v2\/tags?post=43908"}],"curies":[{"name":"wp","href":"https:\/\/api.w.org\/{rel}","templated":true}]}}