{"id":43918,"date":"2025-10-23T10:01:59","date_gmt":"2025-10-23T13:01:59","guid":{"rendered":"https:\/\/radiostudiow.com.br\/site\/?p=43918"},"modified":"2025-10-23T10:02:00","modified_gmt":"2025-10-23T13:02:00","slug":"homem-e-preso-apos-procurar-batalhao-da-policia-militar-para-verificar-pendencias-judiciais","status":"publish","type":"post","link":"https:\/\/radiostudiow.com.br\/site\/2025\/10\/23\/homem-e-preso-apos-procurar-batalhao-da-policia-militar-para-verificar-pendencias-judiciais\/","title":{"rendered":"Homem \u00e9 preso ap\u00f3s procurar batalh\u00e3o da Pol\u00edcia Militar para verificar pend\u00eancias Judiciais"},"content":{"rendered":"\n<figure class=\"wp-block-image size-full\"><img loading=\"lazy\" decoding=\"async\" width=\"897\" height=\"204\" src=\"https:\/\/radiostudiow.com.br\/site\/wp-content\/uploads\/2024\/01\/SITE-GRANDE3.png\" alt=\"zaions\" class=\"wp-image-18936\" srcset=\"https:\/\/radiostudiow.com.br\/site\/wp-content\/uploads\/2024\/01\/SITE-GRANDE3.png 897w, https:\/\/radiostudiow.com.br\/site\/wp-content\/uploads\/2024\/01\/SITE-GRANDE3-300x68.png 300w, https:\/\/radiostudiow.com.br\/site\/wp-content\/uploads\/2024\/01\/SITE-GRANDE3-768x175.png 768w\" sizes=\"auto, (max-width: 897px) 100vw, 897px\" \/><\/figure>\n\n\n\n<p>Um homem foi detido ap\u00f3s comparecer \u00e0 sede do 27\u00b0 Batalh\u00e3o da Pol\u00edcia Militar de Uni\u00e3o da Vit\u00f3ria, para verificar se havia pend\u00eancias com a Justi\u00e7a.<\/p>\n\n\n\n<p>O caso foi registrado no Bairro S\u00e3o Bas\u00edlio Magno por volta das 14 horas dessa quarta-feira (22).<\/p>\n\n\n\n<p>Durante a consulta nos sistemas oficiais, os policiais constataram a exist\u00eancia de um mandado de pris\u00e3o em aberto, relacionado \u00e0 regress\u00e3o de regime por crime de furto, previsto no artigo 155 do C\u00f3digo Penal.<\/p>\n\n\n\n<p>Diante da constata\u00e7\u00e3o, o homem foi encaminhado ao Departamento Penitenci\u00e1rio (Depen) da cidade.<\/p>\n\n\n\n<figure class=\"wp-block-image size-full\"><img loading=\"lazy\" decoding=\"async\" width=\"598\" height=\"204\" src=\"https:\/\/radiostudiow.com.br\/site\/wp-content\/uploads\/2025\/01\/SITE-MEDIO7.png\" alt=\"\" class=\"wp-image-32801\" srcset=\"https:\/\/radiostudiow.com.br\/site\/wp-content\/uploads\/2025\/01\/SITE-MEDIO7.png 598w, https:\/\/radiostudiow.com.br\/site\/wp-content\/uploads\/2025\/01\/SITE-MEDIO7-300x102.png 300w\" sizes=\"auto, (max-width: 598px) 100vw, 598px\" \/><\/figure>\n","protected":false},"excerpt":{"rendered":"<p>Um homem foi detido ap\u00f3s comparecer \u00e0 sede do 27\u00b0 Batalh\u00e3o da Pol\u00edcia Militar de Uni\u00e3o da Vit\u00f3ria, para verificar se havia pend\u00eancias com a Justi\u00e7a. O caso foi registrado no Bairro S\u00e3o Bas\u00edlio Magno por volta das 14 horas dessa quarta-feira (22). Durante a consulta nos sistemas oficiais, os policiais constataram a exist\u00eancia de [&hellip;]<\/p>\n","protected":false},"author":2,"featured_media":38633,"comment_status":"open","ping_status":"open","sticky":false,"template":"","format":"standard","meta":{"footnotes":""},"categories":[2],"tags":[172],"class_list":["post-43918","post","type-post","status-publish","format-standard","has-post-thumbnail","hentry","category-policial","tag-featured"],"amp_enabled":true,"_links":{"self":[{"href":"https:\/\/radiostudiow.com.br\/site\/wp-json\/wp\/v2\/posts\/43918","targetHints":{"allow":["GET"]}}],"collection":[{"href":"https:\/\/radiostudiow.com.br\/site\/wp-json\/wp\/v2\/posts"}],"about":[{"href":"https:\/\/radiostudiow.com.br\/site\/wp-json\/wp\/v2\/types\/post"}],"author":[{"embeddable":true,"href":"https:\/\/radiostudiow.com.br\/site\/wp-json\/wp\/v2\/users\/2"}],"replies":[{"embeddable":true,"href":"https:\/\/radiostudiow.com.br\/site\/wp-json\/wp\/v2\/comments?post=43918"}],"version-history":[{"count":1,"href":"https:\/\/radiostudiow.com.br\/site\/wp-json\/wp\/v2\/posts\/43918\/revisions"}],"predecessor-version":[{"id":43919,"href":"https:\/\/radiostudiow.com.br\/site\/wp-json\/wp\/v2\/posts\/43918\/revisions\/43919"}],"wp:featuredmedia":[{"embeddable":true,"href":"https:\/\/radiostudiow.com.br\/site\/wp-json\/wp\/v2\/media\/38633"}],"wp:attachment":[{"href":"https:\/\/radiostudiow.com.br\/site\/wp-json\/wp\/v2\/media?parent=43918"}],"wp:term":[{"taxonomy":"category","embeddable":true,"href":"https:\/\/radiostudiow.com.br\/site\/wp-json\/wp\/v2\/categories?post=43918"},{"taxonomy":"post_tag","embeddable":true,"href":"https:\/\/radiostudiow.com.br\/site\/wp-json\/wp\/v2\/tags?post=43918"}],"curies":[{"name":"wp","href":"https:\/\/api.w.org\/{rel}","templated":true}]}}