{"id":43920,"date":"2025-10-23T10:22:20","date_gmt":"2025-10-23T13:22:20","guid":{"rendered":"https:\/\/radiostudiow.com.br\/site\/?p=43920"},"modified":"2025-10-23T10:22:20","modified_gmt":"2025-10-23T13:22:20","slug":"policia-militar-apreende-arma-de-fogo-em-general-carneiro-2","status":"publish","type":"post","link":"https:\/\/radiostudiow.com.br\/site\/2025\/10\/23\/policia-militar-apreende-arma-de-fogo-em-general-carneiro-2\/","title":{"rendered":"Pol\u00edcia Militar apreende arma de fogo em General Carneiro"},"content":{"rendered":"\n<figure class=\"wp-block-image size-full\"><img loading=\"lazy\" decoding=\"async\" width=\"897\" height=\"204\" src=\"https:\/\/radiostudiow.com.br\/site\/wp-content\/uploads\/2025\/03\/BARAO-NOVO-NOTICIAS-1.jpg\" alt=\"\" class=\"wp-image-35084\" srcset=\"https:\/\/radiostudiow.com.br\/site\/wp-content\/uploads\/2025\/03\/BARAO-NOVO-NOTICIAS-1.jpg 897w, https:\/\/radiostudiow.com.br\/site\/wp-content\/uploads\/2025\/03\/BARAO-NOVO-NOTICIAS-1-300x68.jpg 300w, https:\/\/radiostudiow.com.br\/site\/wp-content\/uploads\/2025\/03\/BARAO-NOVO-NOTICIAS-1-768x175.jpg 768w\" sizes=\"auto, (max-width: 897px) 100vw, 897px\" \/><\/figure>\n\n\n\n<p>A equipe da Pol\u00edcia Militar de General Carneiro estava em patrulhamento no bairro S\u00e3o Jo\u00e3o, momento que avistou um homem em atitude suspeita por volta das 14h30min dessa quarta-feira (22).<\/p>\n\n\n\n<p>O homem ao perceber a presen\u00e7a policial, correu para o interior de uma resid\u00eancia. Diante da atitude suspeita, os policiais realizaram abordagem no local e encontraram uma espingarda calibre 28 e cinco muni\u00e7\u00f5es intactas.<\/p>\n\n\n\n<p>O suspeito conseguiu fugir pelos fundos da casa, desobedecendo \u00e0s ordens de parada.<\/p>\n\n\n\n<p>O armamento foi apreendido e encaminhado \u00e0 4\u00aa Central de Flagrantes de Uni\u00e3o da Vit\u00f3ria para os procedimentos cab\u00edveis e continuidade das investiga\u00e7\u00f5es.<\/p>\n\n\n\n<figure class=\"wp-block-image size-full\"><img loading=\"lazy\" decoding=\"async\" width=\"598\" height=\"204\" src=\"https:\/\/radiostudiow.com.br\/site\/wp-content\/uploads\/2024\/01\/SITE-MEDIO.png\" alt=\"\" class=\"wp-image-18916\" srcset=\"https:\/\/radiostudiow.com.br\/site\/wp-content\/uploads\/2024\/01\/SITE-MEDIO.png 598w, https:\/\/radiostudiow.com.br\/site\/wp-content\/uploads\/2024\/01\/SITE-MEDIO-300x102.png 300w\" sizes=\"auto, (max-width: 598px) 100vw, 598px\" \/><\/figure>\n","protected":false},"excerpt":{"rendered":"<p>A equipe da Pol\u00edcia Militar de General Carneiro estava em patrulhamento no bairro S\u00e3o Jo\u00e3o, momento que avistou um homem em atitude suspeita por volta das 14h30min dessa quarta-feira (22). O homem ao perceber a presen\u00e7a policial, correu para o interior de uma resid\u00eancia. Diante da atitude suspeita, os policiais realizaram abordagem no local e [&hellip;]<\/p>\n","protected":false},"author":2,"featured_media":43921,"comment_status":"open","ping_status":"open","sticky":false,"template":"","format":"standard","meta":{"footnotes":""},"categories":[2],"tags":[172],"class_list":["post-43920","post","type-post","status-publish","format-standard","has-post-thumbnail","hentry","category-policial","tag-featured"],"amp_enabled":true,"_links":{"self":[{"href":"https:\/\/radiostudiow.com.br\/site\/wp-json\/wp\/v2\/posts\/43920","targetHints":{"allow":["GET"]}}],"collection":[{"href":"https:\/\/radiostudiow.com.br\/site\/wp-json\/wp\/v2\/posts"}],"about":[{"href":"https:\/\/radiostudiow.com.br\/site\/wp-json\/wp\/v2\/types\/post"}],"author":[{"embeddable":true,"href":"https:\/\/radiostudiow.com.br\/site\/wp-json\/wp\/v2\/users\/2"}],"replies":[{"embeddable":true,"href":"https:\/\/radiostudiow.com.br\/site\/wp-json\/wp\/v2\/comments?post=43920"}],"version-history":[{"count":2,"href":"https:\/\/radiostudiow.com.br\/site\/wp-json\/wp\/v2\/posts\/43920\/revisions"}],"predecessor-version":[{"id":43923,"href":"https:\/\/radiostudiow.com.br\/site\/wp-json\/wp\/v2\/posts\/43920\/revisions\/43923"}],"wp:featuredmedia":[{"embeddable":true,"href":"https:\/\/radiostudiow.com.br\/site\/wp-json\/wp\/v2\/media\/43921"}],"wp:attachment":[{"href":"https:\/\/radiostudiow.com.br\/site\/wp-json\/wp\/v2\/media?parent=43920"}],"wp:term":[{"taxonomy":"category","embeddable":true,"href":"https:\/\/radiostudiow.com.br\/site\/wp-json\/wp\/v2\/categories?post=43920"},{"taxonomy":"post_tag","embeddable":true,"href":"https:\/\/radiostudiow.com.br\/site\/wp-json\/wp\/v2\/tags?post=43920"}],"curies":[{"name":"wp","href":"https:\/\/api.w.org\/{rel}","templated":true}]}}