{"id":44001,"date":"2025-10-25T10:15:05","date_gmt":"2025-10-25T13:15:05","guid":{"rendered":"https:\/\/radiostudiow.com.br\/site\/?p=44001"},"modified":"2025-10-25T10:15:06","modified_gmt":"2025-10-25T13:15:06","slug":"policia-militar-apreende-arma-de-fogo-por-entrega-voluntaria-de-general-carneiro","status":"publish","type":"post","link":"https:\/\/radiostudiow.com.br\/site\/2025\/10\/25\/policia-militar-apreende-arma-de-fogo-por-entrega-voluntaria-de-general-carneiro\/","title":{"rendered":"Pol\u00edcia Militar apreende arma de fogo por entrega volunt\u00e1ria de General Carneiro"},"content":{"rendered":"\n<figure class=\"wp-block-image size-full\"><img loading=\"lazy\" decoding=\"async\" width=\"897\" height=\"204\" src=\"https:\/\/radiostudiow.com.br\/site\/wp-content\/uploads\/2025\/03\/BARAO-NOVO-NOTICIAS-1.jpg\" alt=\"\" class=\"wp-image-35084\" srcset=\"https:\/\/radiostudiow.com.br\/site\/wp-content\/uploads\/2025\/03\/BARAO-NOVO-NOTICIAS-1.jpg 897w, https:\/\/radiostudiow.com.br\/site\/wp-content\/uploads\/2025\/03\/BARAO-NOVO-NOTICIAS-1-300x68.jpg 300w, https:\/\/radiostudiow.com.br\/site\/wp-content\/uploads\/2025\/03\/BARAO-NOVO-NOTICIAS-1-768x175.jpg 768w\" sizes=\"auto, (max-width: 897px) 100vw, 897px\" \/><\/figure>\n\n\n\n<p>A equipe da Pol\u00edcia Militar de General Carneiro realizava o patrulhamento no endere\u00e7o supracitado quando informados sobre uma situa\u00e7\u00e3o de posse irregular de arma de fogo por volta das 10h30min dessa sexta-feira (24).<\/p>\n\n\n\n<p>Em conversa com o suspeito, o mesmo fez voluntariamente a entrega do armamento, o qual foi apreendido e conduzido at\u00e9 a 4\u00b0 SDP para os demais procedimentos cab\u00edveis.<\/p>\n","protected":false},"excerpt":{"rendered":"<p>A equipe da Pol\u00edcia Militar de General Carneiro realizava o patrulhamento no endere\u00e7o supracitado quando informados sobre uma situa\u00e7\u00e3o de posse irregular de arma de fogo por volta das 10h30min dessa sexta-feira (24). Em conversa com o suspeito, o mesmo fez voluntariamente a entrega do armamento, o qual foi apreendido e conduzido at\u00e9 a 4\u00b0 [&hellip;]<\/p>\n","protected":false},"author":2,"featured_media":44009,"comment_status":"open","ping_status":"open","sticky":false,"template":"","format":"standard","meta":{"footnotes":""},"categories":[2],"tags":[172],"class_list":["post-44001","post","type-post","status-publish","format-standard","has-post-thumbnail","hentry","category-policial","tag-featured"],"amp_enabled":true,"_links":{"self":[{"href":"https:\/\/radiostudiow.com.br\/site\/wp-json\/wp\/v2\/posts\/44001","targetHints":{"allow":["GET"]}}],"collection":[{"href":"https:\/\/radiostudiow.com.br\/site\/wp-json\/wp\/v2\/posts"}],"about":[{"href":"https:\/\/radiostudiow.com.br\/site\/wp-json\/wp\/v2\/types\/post"}],"author":[{"embeddable":true,"href":"https:\/\/radiostudiow.com.br\/site\/wp-json\/wp\/v2\/users\/2"}],"replies":[{"embeddable":true,"href":"https:\/\/radiostudiow.com.br\/site\/wp-json\/wp\/v2\/comments?post=44001"}],"version-history":[{"count":1,"href":"https:\/\/radiostudiow.com.br\/site\/wp-json\/wp\/v2\/posts\/44001\/revisions"}],"predecessor-version":[{"id":44002,"href":"https:\/\/radiostudiow.com.br\/site\/wp-json\/wp\/v2\/posts\/44001\/revisions\/44002"}],"wp:featuredmedia":[{"embeddable":true,"href":"https:\/\/radiostudiow.com.br\/site\/wp-json\/wp\/v2\/media\/44009"}],"wp:attachment":[{"href":"https:\/\/radiostudiow.com.br\/site\/wp-json\/wp\/v2\/media?parent=44001"}],"wp:term":[{"taxonomy":"category","embeddable":true,"href":"https:\/\/radiostudiow.com.br\/site\/wp-json\/wp\/v2\/categories?post=44001"},{"taxonomy":"post_tag","embeddable":true,"href":"https:\/\/radiostudiow.com.br\/site\/wp-json\/wp\/v2\/tags?post=44001"}],"curies":[{"name":"wp","href":"https:\/\/api.w.org\/{rel}","templated":true}]}}