{"id":44003,"date":"2025-10-25T10:16:09","date_gmt":"2025-10-25T13:16:09","guid":{"rendered":"https:\/\/radiostudiow.com.br\/site\/?p=44003"},"modified":"2025-10-25T10:25:21","modified_gmt":"2025-10-25T13:25:21","slug":"policia-militar-de-general-carneiro-prende-homem-por-porte-ilegal-de-arma-de-fogo-e-roubo","status":"publish","type":"post","link":"https:\/\/radiostudiow.com.br\/site\/2025\/10\/25\/policia-militar-de-general-carneiro-prende-homem-por-porte-ilegal-de-arma-de-fogo-e-roubo\/","title":{"rendered":"Pol\u00edcia Militar de General Carneiro prende homem por porte ilegal de arma de fogo e roubo"},"content":{"rendered":"\n<figure class=\"wp-block-image size-full\"><img loading=\"lazy\" decoding=\"async\" width=\"897\" height=\"207\" src=\"https:\/\/radiostudiow.com.br\/site\/wp-content\/uploads\/2025\/07\/TIJOLAO.png\" alt=\"\" class=\"wp-image-40184\" srcset=\"https:\/\/radiostudiow.com.br\/site\/wp-content\/uploads\/2025\/07\/TIJOLAO.png 897w, https:\/\/radiostudiow.com.br\/site\/wp-content\/uploads\/2025\/07\/TIJOLAO-300x69.png 300w, https:\/\/radiostudiow.com.br\/site\/wp-content\/uploads\/2025\/07\/TIJOLAO-768x177.png 768w\" sizes=\"auto, (max-width: 897px) 100vw, 897px\" \/><\/figure>\n\n\n\n<p>A equipe da Pol\u00edcia Militar de General Carneiro realizava o patrulhamento quando ao acessar a rodovia, BR-153, visualizou um acidente de tr\u00e2nsito envolvendo um caminh\u00e3o.<\/p>\n\n\n\n<p>A situa\u00e7\u00e3o ocorreu por volta das 14h30min dessa sexta-feira (24), em local este conhecido pela decorr\u00eancia de saques de carga.<\/p>\n\n\n\n<p>Diante da situa\u00e7\u00e3o a equipe logrou \u00eaxito em abordar um ve\u00edculo em atitude suspeita, o qual possuia em seu interior materiais pertencentes a carga, al\u00e9m de uma arma de fogo, o condutor foi preso e encaminhado \u00e0 4\u00aa SDP para provid\u00eancias legais.<\/p>\n\n\n\n<figure class=\"wp-block-image size-large is-resized\"><img loading=\"lazy\" decoding=\"async\" width=\"1024\" height=\"614\" src=\"https:\/\/radiostudiow.com.br\/site\/wp-content\/uploads\/2025\/05\/5914fcac-c2b4-4795-a120-dc162c4a6466-1024x614.jpg\" alt=\"\" class=\"wp-image-38784\" style=\"width:363px;height:auto\" srcset=\"https:\/\/radiostudiow.com.br\/site\/wp-content\/uploads\/2025\/05\/5914fcac-c2b4-4795-a120-dc162c4a6466-1024x614.jpg 1024w, https:\/\/radiostudiow.com.br\/site\/wp-content\/uploads\/2025\/05\/5914fcac-c2b4-4795-a120-dc162c4a6466-300x180.jpg 300w, https:\/\/radiostudiow.com.br\/site\/wp-content\/uploads\/2025\/05\/5914fcac-c2b4-4795-a120-dc162c4a6466-768x460.jpg 768w, https:\/\/radiostudiow.com.br\/site\/wp-content\/uploads\/2025\/05\/5914fcac-c2b4-4795-a120-dc162c4a6466-1536x921.jpg 1536w, https:\/\/radiostudiow.com.br\/site\/wp-content\/uploads\/2025\/05\/5914fcac-c2b4-4795-a120-dc162c4a6466-1000x600.jpg 1000w, https:\/\/radiostudiow.com.br\/site\/wp-content\/uploads\/2025\/05\/5914fcac-c2b4-4795-a120-dc162c4a6466-590x354.jpg 590w, https:\/\/radiostudiow.com.br\/site\/wp-content\/uploads\/2025\/05\/5914fcac-c2b4-4795-a120-dc162c4a6466-400x240.jpg 400w, https:\/\/radiostudiow.com.br\/site\/wp-content\/uploads\/2025\/05\/5914fcac-c2b4-4795-a120-dc162c4a6466.jpg 1600w\" sizes=\"auto, (max-width: 1024px) 100vw, 1024px\" \/><\/figure>\n","protected":false},"excerpt":{"rendered":"<p>A equipe da Pol\u00edcia Militar de General Carneiro realizava o patrulhamento quando ao acessar a rodovia, BR-153, visualizou um acidente de tr\u00e2nsito envolvendo um caminh\u00e3o. A situa\u00e7\u00e3o ocorreu por volta das 14h30min dessa sexta-feira (24), em local este conhecido pela decorr\u00eancia de saques de carga. Diante da situa\u00e7\u00e3o a equipe logrou \u00eaxito em abordar um [&hellip;]<\/p>\n","protected":false},"author":2,"featured_media":44010,"comment_status":"open","ping_status":"open","sticky":false,"template":"","format":"standard","meta":{"footnotes":""},"categories":[2],"tags":[172],"class_list":["post-44003","post","type-post","status-publish","format-standard","has-post-thumbnail","hentry","category-policial","tag-featured"],"amp_enabled":true,"_links":{"self":[{"href":"https:\/\/radiostudiow.com.br\/site\/wp-json\/wp\/v2\/posts\/44003","targetHints":{"allow":["GET"]}}],"collection":[{"href":"https:\/\/radiostudiow.com.br\/site\/wp-json\/wp\/v2\/posts"}],"about":[{"href":"https:\/\/radiostudiow.com.br\/site\/wp-json\/wp\/v2\/types\/post"}],"author":[{"embeddable":true,"href":"https:\/\/radiostudiow.com.br\/site\/wp-json\/wp\/v2\/users\/2"}],"replies":[{"embeddable":true,"href":"https:\/\/radiostudiow.com.br\/site\/wp-json\/wp\/v2\/comments?post=44003"}],"version-history":[{"count":2,"href":"https:\/\/radiostudiow.com.br\/site\/wp-json\/wp\/v2\/posts\/44003\/revisions"}],"predecessor-version":[{"id":44011,"href":"https:\/\/radiostudiow.com.br\/site\/wp-json\/wp\/v2\/posts\/44003\/revisions\/44011"}],"wp:featuredmedia":[{"embeddable":true,"href":"https:\/\/radiostudiow.com.br\/site\/wp-json\/wp\/v2\/media\/44010"}],"wp:attachment":[{"href":"https:\/\/radiostudiow.com.br\/site\/wp-json\/wp\/v2\/media?parent=44003"}],"wp:term":[{"taxonomy":"category","embeddable":true,"href":"https:\/\/radiostudiow.com.br\/site\/wp-json\/wp\/v2\/categories?post=44003"},{"taxonomy":"post_tag","embeddable":true,"href":"https:\/\/radiostudiow.com.br\/site\/wp-json\/wp\/v2\/tags?post=44003"}],"curies":[{"name":"wp","href":"https:\/\/api.w.org\/{rel}","templated":true}]}}