{"id":44005,"date":"2025-10-25T10:12:09","date_gmt":"2025-10-25T13:12:09","guid":{"rendered":"https:\/\/radiostudiow.com.br\/site\/?p=44005"},"modified":"2025-10-25T10:25:59","modified_gmt":"2025-10-25T13:25:59","slug":"policia-militar-prende-homem-por-mandado-de-prisao-em-cruz-machado","status":"publish","type":"post","link":"https:\/\/radiostudiow.com.br\/site\/2025\/10\/25\/policia-militar-prende-homem-por-mandado-de-prisao-em-cruz-machado\/","title":{"rendered":"Pol\u00edcia Militar prende homem por mandado de pris\u00e3o em Cruz Machado"},"content":{"rendered":"\n<figure class=\"wp-block-image size-full\"><img loading=\"lazy\" decoding=\"async\" width=\"897\" height=\"204\" src=\"https:\/\/radiostudiow.com.br\/site\/wp-content\/uploads\/2025\/02\/SITE-GRANDE7.png\" alt=\"\" class=\"wp-image-33861\" srcset=\"https:\/\/radiostudiow.com.br\/site\/wp-content\/uploads\/2025\/02\/SITE-GRANDE7.png 897w, https:\/\/radiostudiow.com.br\/site\/wp-content\/uploads\/2025\/02\/SITE-GRANDE7-300x68.png 300w, https:\/\/radiostudiow.com.br\/site\/wp-content\/uploads\/2025\/02\/SITE-GRANDE7-768x175.png 768w\" sizes=\"auto, (max-width: 897px) 100vw, 897px\" \/><\/figure>\n\n\n\n<p>A equipe da Pol\u00edcia Militar de Cruz Machado tomou conhecimento da exist\u00eancia de um mandado de pris\u00e3o expedido pela 2\u00aa Vara Criminal de Uni\u00e3o da Vit\u00f3ria por tr\u00e1fico de drogas.<\/p>\n\n\n\n<p>Os policiais realizaram dilig\u00eancias na localidade da Linha Charqueada por volta das 18h30min dessa sexta-feira, 24 de outubro, onde o autor foi localizado e encaminhado a unidade do DEPEN para as<br>medidas cab\u00edveis.<\/p>\n\n\n\n<figure class=\"wp-block-image size-full\"><img loading=\"lazy\" decoding=\"async\" width=\"300\" height=\"180\" src=\"https:\/\/radiostudiow.com.br\/site\/wp-content\/uploads\/2025\/05\/VANE.png\" alt=\"\" class=\"wp-image-38014\"\/><\/figure>\n","protected":false},"excerpt":{"rendered":"<p>A equipe da Pol\u00edcia Militar de Cruz Machado tomou conhecimento da exist\u00eancia de um mandado de pris\u00e3o expedido pela 2\u00aa Vara Criminal de Uni\u00e3o da Vit\u00f3ria por tr\u00e1fico de drogas. Os policiais realizaram dilig\u00eancias na localidade da Linha Charqueada por volta das 18h30min dessa sexta-feira, 24 de outubro, onde o autor foi localizado e encaminhado [&hellip;]<\/p>\n","protected":false},"author":2,"featured_media":34477,"comment_status":"open","ping_status":"open","sticky":false,"template":"","format":"standard","meta":{"footnotes":""},"categories":[2],"tags":[172],"class_list":["post-44005","post","type-post","status-publish","format-standard","has-post-thumbnail","hentry","category-policial","tag-featured"],"amp_enabled":true,"_links":{"self":[{"href":"https:\/\/radiostudiow.com.br\/site\/wp-json\/wp\/v2\/posts\/44005","targetHints":{"allow":["GET"]}}],"collection":[{"href":"https:\/\/radiostudiow.com.br\/site\/wp-json\/wp\/v2\/posts"}],"about":[{"href":"https:\/\/radiostudiow.com.br\/site\/wp-json\/wp\/v2\/types\/post"}],"author":[{"embeddable":true,"href":"https:\/\/radiostudiow.com.br\/site\/wp-json\/wp\/v2\/users\/2"}],"replies":[{"embeddable":true,"href":"https:\/\/radiostudiow.com.br\/site\/wp-json\/wp\/v2\/comments?post=44005"}],"version-history":[{"count":2,"href":"https:\/\/radiostudiow.com.br\/site\/wp-json\/wp\/v2\/posts\/44005\/revisions"}],"predecessor-version":[{"id":44012,"href":"https:\/\/radiostudiow.com.br\/site\/wp-json\/wp\/v2\/posts\/44005\/revisions\/44012"}],"wp:featuredmedia":[{"embeddable":true,"href":"https:\/\/radiostudiow.com.br\/site\/wp-json\/wp\/v2\/media\/34477"}],"wp:attachment":[{"href":"https:\/\/radiostudiow.com.br\/site\/wp-json\/wp\/v2\/media?parent=44005"}],"wp:term":[{"taxonomy":"category","embeddable":true,"href":"https:\/\/radiostudiow.com.br\/site\/wp-json\/wp\/v2\/categories?post=44005"},{"taxonomy":"post_tag","embeddable":true,"href":"https:\/\/radiostudiow.com.br\/site\/wp-json\/wp\/v2\/tags?post=44005"}],"curies":[{"name":"wp","href":"https:\/\/api.w.org\/{rel}","templated":true}]}}