{"id":44007,"date":"2025-10-25T10:32:38","date_gmt":"2025-10-25T13:32:38","guid":{"rendered":"https:\/\/radiostudiow.com.br\/site\/?p=44007"},"modified":"2025-10-25T10:35:59","modified_gmt":"2025-10-25T13:35:59","slug":"policia-militar-prende-autor-de-violencia-domestica-em-uniao-da-vitoria","status":"publish","type":"post","link":"https:\/\/radiostudiow.com.br\/site\/2025\/10\/25\/policia-militar-prende-autor-de-violencia-domestica-em-uniao-da-vitoria\/","title":{"rendered":"Pol\u00edcia Militar prende autor de viol\u00eancia dom\u00e9stica em Uni\u00e3o da Vit\u00f3ria"},"content":{"rendered":"\n<figure class=\"wp-block-image size-full\"><img loading=\"lazy\" decoding=\"async\" width=\"598\" height=\"204\" src=\"https:\/\/radiostudiow.com.br\/site\/wp-content\/uploads\/2025\/05\/POLAK.png\" alt=\"\" class=\"wp-image-37847\" srcset=\"https:\/\/radiostudiow.com.br\/site\/wp-content\/uploads\/2025\/05\/POLAK.png 598w, https:\/\/radiostudiow.com.br\/site\/wp-content\/uploads\/2025\/05\/POLAK-300x102.png 300w\" sizes=\"auto, (max-width: 598px) 100vw, 598px\" \/><\/figure>\n\n\n\n<p>A equipe se deslocou ate uma resid\u00eancia no distrito de S\u00e3o Domingos, onde fez contato com a v\u00edtima, a qual apresentava les\u00f5es aparentes na regi\u00e3o nasal.<\/p>\n\n\n\n<p> A v\u00edtima relatou que o autor seria seu marido. A situa\u00e7\u00e3o foi registrada por volta das 20h13min dessa sexta-feira (24).<\/p>\n\n\n\n<p>Diante das les\u00f5es constatadas o agressor foi preso e encaminhado \u00e0 4 \u00aaSDP, para as provid\u00eancias cab\u00edveis e aprecia\u00e7\u00e3o da autoridade policial.<\/p>\n\n\n\n<figure class=\"wp-block-image size-full\"><img loading=\"lazy\" decoding=\"async\" width=\"300\" height=\"180\" src=\"https:\/\/radiostudiow.com.br\/site\/wp-content\/uploads\/2025\/06\/PLAY-HALL.png\" alt=\"\" class=\"wp-image-39582\"\/><\/figure>\n","protected":false},"excerpt":{"rendered":"<p>A equipe se deslocou ate uma resid\u00eancia no distrito de S\u00e3o Domingos, onde fez contato com a v\u00edtima, a qual apresentava les\u00f5es aparentes na regi\u00e3o nasal. A v\u00edtima relatou que o autor seria seu marido. A situa\u00e7\u00e3o foi registrada por volta das 20h13min dessa sexta-feira (24). Diante das les\u00f5es constatadas o agressor foi preso e [&hellip;]<\/p>\n","protected":false},"author":2,"featured_media":1357,"comment_status":"open","ping_status":"open","sticky":false,"template":"","format":"standard","meta":{"footnotes":""},"categories":[2],"tags":[172],"class_list":["post-44007","post","type-post","status-publish","format-standard","has-post-thumbnail","hentry","category-policial","tag-featured"],"amp_enabled":true,"_links":{"self":[{"href":"https:\/\/radiostudiow.com.br\/site\/wp-json\/wp\/v2\/posts\/44007","targetHints":{"allow":["GET"]}}],"collection":[{"href":"https:\/\/radiostudiow.com.br\/site\/wp-json\/wp\/v2\/posts"}],"about":[{"href":"https:\/\/radiostudiow.com.br\/site\/wp-json\/wp\/v2\/types\/post"}],"author":[{"embeddable":true,"href":"https:\/\/radiostudiow.com.br\/site\/wp-json\/wp\/v2\/users\/2"}],"replies":[{"embeddable":true,"href":"https:\/\/radiostudiow.com.br\/site\/wp-json\/wp\/v2\/comments?post=44007"}],"version-history":[{"count":3,"href":"https:\/\/radiostudiow.com.br\/site\/wp-json\/wp\/v2\/posts\/44007\/revisions"}],"predecessor-version":[{"id":44014,"href":"https:\/\/radiostudiow.com.br\/site\/wp-json\/wp\/v2\/posts\/44007\/revisions\/44014"}],"wp:featuredmedia":[{"embeddable":true,"href":"https:\/\/radiostudiow.com.br\/site\/wp-json\/wp\/v2\/media\/1357"}],"wp:attachment":[{"href":"https:\/\/radiostudiow.com.br\/site\/wp-json\/wp\/v2\/media?parent=44007"}],"wp:term":[{"taxonomy":"category","embeddable":true,"href":"https:\/\/radiostudiow.com.br\/site\/wp-json\/wp\/v2\/categories?post=44007"},{"taxonomy":"post_tag","embeddable":true,"href":"https:\/\/radiostudiow.com.br\/site\/wp-json\/wp\/v2\/tags?post=44007"}],"curies":[{"name":"wp","href":"https:\/\/api.w.org\/{rel}","templated":true}]}}