{"id":44030,"date":"2025-10-27T09:54:49","date_gmt":"2025-10-27T12:54:49","guid":{"rendered":"https:\/\/radiostudiow.com.br\/site\/?p=44030"},"modified":"2025-10-27T09:54:49","modified_gmt":"2025-10-27T12:54:49","slug":"policia-militar-prende-mulher-por-ter-agredido-a-propria-mae-em-residencia-de-uniao-da-vitoria","status":"publish","type":"post","link":"https:\/\/radiostudiow.com.br\/site\/2025\/10\/27\/policia-militar-prende-mulher-por-ter-agredido-a-propria-mae-em-residencia-de-uniao-da-vitoria\/","title":{"rendered":"Pol\u00edcia Militar prende mulher por ter agredido a pr\u00f3pria m\u00e3e em resid\u00eancia de Uni\u00e3o da Vit\u00f3ria"},"content":{"rendered":"\n<p>A equipe da Pol\u00edcia Militar de Uni\u00e3o da Vit\u00f3ria foi acionada para atender uma situa\u00e7\u00e3o de viol\u00eancia dom\u00e9stica em que a filha teria agredido sua genitora.<\/p>\n\n\n\n<p>A situa\u00e7\u00e3o ocorreu no bairro S\u00e3o Br\u00e1z por volta das 13h30min desse s\u00e1bado (25).<\/p>\n\n\n\n<figure class=\"wp-block-image size-full\"><img loading=\"lazy\" decoding=\"async\" width=\"897\" height=\"204\" src=\"https:\/\/radiostudiow.com.br\/site\/wp-content\/uploads\/2025\/02\/SITE-GRANDE7.png\" alt=\"\" class=\"wp-image-33861\" srcset=\"https:\/\/radiostudiow.com.br\/site\/wp-content\/uploads\/2025\/02\/SITE-GRANDE7.png 897w, https:\/\/radiostudiow.com.br\/site\/wp-content\/uploads\/2025\/02\/SITE-GRANDE7-300x68.png 300w, https:\/\/radiostudiow.com.br\/site\/wp-content\/uploads\/2025\/02\/SITE-GRANDE7-768x175.png 768w\" sizes=\"auto, (max-width: 897px) 100vw, 897px\" \/><\/figure>\n\n\n\n<p>No local, ap\u00f3s averigua\u00e7\u00e3o do ocorrido e contato com as partes envolvidas, verificou-se a exist\u00eancia do crime de les\u00e3o corporal.<\/p>\n\n\n\n<p>A autora recebeu voz de pris\u00e3o e foi conduzida junto da v\u00edtima para a Delegacia de Pol\u00edcia Civil para as provid\u00eancias legais.<\/p>\n","protected":false},"excerpt":{"rendered":"<p>A equipe da Pol\u00edcia Militar de Uni\u00e3o da Vit\u00f3ria foi acionada para atender uma situa\u00e7\u00e3o de viol\u00eancia dom\u00e9stica em que a filha teria agredido sua genitora. A situa\u00e7\u00e3o ocorreu no bairro S\u00e3o Br\u00e1z por volta das 13h30min desse s\u00e1bado (25). No local, ap\u00f3s averigua\u00e7\u00e3o do ocorrido e contato com as partes envolvidas, verificou-se a exist\u00eancia [&hellip;]<\/p>\n","protected":false},"author":2,"featured_media":13676,"comment_status":"open","ping_status":"open","sticky":false,"template":"","format":"standard","meta":{"footnotes":""},"categories":[2],"tags":[172],"class_list":["post-44030","post","type-post","status-publish","format-standard","has-post-thumbnail","hentry","category-policial","tag-featured"],"amp_enabled":true,"_links":{"self":[{"href":"https:\/\/radiostudiow.com.br\/site\/wp-json\/wp\/v2\/posts\/44030","targetHints":{"allow":["GET"]}}],"collection":[{"href":"https:\/\/radiostudiow.com.br\/site\/wp-json\/wp\/v2\/posts"}],"about":[{"href":"https:\/\/radiostudiow.com.br\/site\/wp-json\/wp\/v2\/types\/post"}],"author":[{"embeddable":true,"href":"https:\/\/radiostudiow.com.br\/site\/wp-json\/wp\/v2\/users\/2"}],"replies":[{"embeddable":true,"href":"https:\/\/radiostudiow.com.br\/site\/wp-json\/wp\/v2\/comments?post=44030"}],"version-history":[{"count":1,"href":"https:\/\/radiostudiow.com.br\/site\/wp-json\/wp\/v2\/posts\/44030\/revisions"}],"predecessor-version":[{"id":44031,"href":"https:\/\/radiostudiow.com.br\/site\/wp-json\/wp\/v2\/posts\/44030\/revisions\/44031"}],"wp:featuredmedia":[{"embeddable":true,"href":"https:\/\/radiostudiow.com.br\/site\/wp-json\/wp\/v2\/media\/13676"}],"wp:attachment":[{"href":"https:\/\/radiostudiow.com.br\/site\/wp-json\/wp\/v2\/media?parent=44030"}],"wp:term":[{"taxonomy":"category","embeddable":true,"href":"https:\/\/radiostudiow.com.br\/site\/wp-json\/wp\/v2\/categories?post=44030"},{"taxonomy":"post_tag","embeddable":true,"href":"https:\/\/radiostudiow.com.br\/site\/wp-json\/wp\/v2\/tags?post=44030"}],"curies":[{"name":"wp","href":"https:\/\/api.w.org\/{rel}","templated":true}]}}