{"id":44043,"date":"2025-10-27T10:35:54","date_gmt":"2025-10-27T13:35:54","guid":{"rendered":"https:\/\/radiostudiow.com.br\/site\/?p=44043"},"modified":"2025-10-27T10:35:54","modified_gmt":"2025-10-27T13:35:54","slug":"autores-de-invasao-furtos-danos-e-porte-de-arma-branca-sao-presos-em-uniao-da-vitoria","status":"publish","type":"post","link":"https:\/\/radiostudiow.com.br\/site\/2025\/10\/27\/autores-de-invasao-furtos-danos-e-porte-de-arma-branca-sao-presos-em-uniao-da-vitoria\/","title":{"rendered":"Autores de invas\u00e3o, furtos, danos e porte de arma branca s\u00e3o presos em Uni\u00e3o da Vit\u00f3ria"},"content":{"rendered":"\n<figure class=\"wp-block-image size-full\"><img loading=\"lazy\" decoding=\"async\" width=\"897\" height=\"204\" src=\"https:\/\/radiostudiow.com.br\/site\/wp-content\/uploads\/2025\/06\/BARROS.png\" alt=\"\" class=\"wp-image-39575\" srcset=\"https:\/\/radiostudiow.com.br\/site\/wp-content\/uploads\/2025\/06\/BARROS.png 897w, https:\/\/radiostudiow.com.br\/site\/wp-content\/uploads\/2025\/06\/BARROS-300x68.png 300w, https:\/\/radiostudiow.com.br\/site\/wp-content\/uploads\/2025\/06\/BARROS-768x175.png 768w\" sizes=\"auto, (max-width: 897px) 100vw, 897px\" \/><\/figure>\n\n\n\n<p>A equipe da Pol\u00edcia Militar de Uni\u00e3o da Vit\u00f3ria prendeu em flagrante dois homens acusados dos crimes de invas\u00e3o de domic\u00edlio, furto, dano ao patrim\u00f4nio e porte ilegal de arma branca.<\/p>\n\n\n\n<p>A equipe policial foi acionada ap\u00f3s uma den\u00fancia de invas\u00e3o de resid\u00eancia no Bairro S\u00e3o Braz na noite deste domingo (26).<\/p>\n\n\n\n<p>No local, foram observados sinais claros de arrombamento e objetos revirados na casa.\u00a0Marcas de sangue encontradas no local indicaram a recente presen\u00e7a dos suspeitos.<\/p>\n\n\n\n<figure class=\"wp-block-image size-full\"><img loading=\"lazy\" decoding=\"async\" width=\"598\" height=\"204\" src=\"https:\/\/radiostudiow.com.br\/site\/wp-content\/uploads\/2025\/01\/SITE-MEDIO7.png\" alt=\"\" class=\"wp-image-32801\" srcset=\"https:\/\/radiostudiow.com.br\/site\/wp-content\/uploads\/2025\/01\/SITE-MEDIO7.png 598w, https:\/\/radiostudiow.com.br\/site\/wp-content\/uploads\/2025\/01\/SITE-MEDIO7-300x102.png 300w\" sizes=\"auto, (max-width: 598px) 100vw, 598px\" \/><\/figure>\n\n\n\n<p>Durante a a\u00e7\u00e3o, os dois indiv\u00edduos tentaram fugir, mas foram rapidamente detidos pela guarni\u00e7\u00e3o.\u00a0Um dos detidos apresentava um ferimento na m\u00e3o, que a pol\u00edcia suspeita ter sido causado durante a invas\u00e3o.<\/p>\n\n\n\n<p>Com os suspeitos, foi apreendida uma arma branca. Al\u00e9m disso, foi confirmado o furto de ferramentas e equipamentos que estavam na resid\u00eancia.<\/p>\n\n\n\n<p>Ambos os indiv\u00edduos receberam voz de pris\u00e3o em flagrante e foram conduzidos \u00e0 delegacia competente para as medidas legais cab\u00edveis.<\/p>\n","protected":false},"excerpt":{"rendered":"<p>A equipe da Pol\u00edcia Militar de Uni\u00e3o da Vit\u00f3ria prendeu em flagrante dois homens acusados dos crimes de invas\u00e3o de domic\u00edlio, furto, dano ao patrim\u00f4nio e porte ilegal de arma branca. A equipe policial foi acionada ap\u00f3s uma den\u00fancia de invas\u00e3o de resid\u00eancia no Bairro S\u00e3o Braz na noite deste domingo (26). No local, foram [&hellip;]<\/p>\n","protected":false},"author":2,"featured_media":10151,"comment_status":"open","ping_status":"open","sticky":false,"template":"","format":"standard","meta":{"footnotes":""},"categories":[2],"tags":[172],"class_list":["post-44043","post","type-post","status-publish","format-standard","has-post-thumbnail","hentry","category-policial","tag-featured"],"amp_enabled":true,"_links":{"self":[{"href":"https:\/\/radiostudiow.com.br\/site\/wp-json\/wp\/v2\/posts\/44043","targetHints":{"allow":["GET"]}}],"collection":[{"href":"https:\/\/radiostudiow.com.br\/site\/wp-json\/wp\/v2\/posts"}],"about":[{"href":"https:\/\/radiostudiow.com.br\/site\/wp-json\/wp\/v2\/types\/post"}],"author":[{"embeddable":true,"href":"https:\/\/radiostudiow.com.br\/site\/wp-json\/wp\/v2\/users\/2"}],"replies":[{"embeddable":true,"href":"https:\/\/radiostudiow.com.br\/site\/wp-json\/wp\/v2\/comments?post=44043"}],"version-history":[{"count":2,"href":"https:\/\/radiostudiow.com.br\/site\/wp-json\/wp\/v2\/posts\/44043\/revisions"}],"predecessor-version":[{"id":44045,"href":"https:\/\/radiostudiow.com.br\/site\/wp-json\/wp\/v2\/posts\/44043\/revisions\/44045"}],"wp:featuredmedia":[{"embeddable":true,"href":"https:\/\/radiostudiow.com.br\/site\/wp-json\/wp\/v2\/media\/10151"}],"wp:attachment":[{"href":"https:\/\/radiostudiow.com.br\/site\/wp-json\/wp\/v2\/media?parent=44043"}],"wp:term":[{"taxonomy":"category","embeddable":true,"href":"https:\/\/radiostudiow.com.br\/site\/wp-json\/wp\/v2\/categories?post=44043"},{"taxonomy":"post_tag","embeddable":true,"href":"https:\/\/radiostudiow.com.br\/site\/wp-json\/wp\/v2\/tags?post=44043"}],"curies":[{"name":"wp","href":"https:\/\/api.w.org\/{rel}","templated":true}]}}