{"id":44046,"date":"2025-10-27T11:03:05","date_gmt":"2025-10-27T14:03:05","guid":{"rendered":"https:\/\/radiostudiow.com.br\/site\/?p=44046"},"modified":"2025-10-27T11:05:30","modified_gmt":"2025-10-27T14:05:30","slug":"acao-da-policia-militar-resulta-na-prisao-de-quatro-pessoas-por-trafico-de-drogas-em-uniao-da-vitoria","status":"publish","type":"post","link":"https:\/\/radiostudiow.com.br\/site\/2025\/10\/27\/acao-da-policia-militar-resulta-na-prisao-de-quatro-pessoas-por-trafico-de-drogas-em-uniao-da-vitoria\/","title":{"rendered":"A\u00e7\u00e3o da Pol\u00edcia Militar resulta na pris\u00e3o de quatro pessoas por tr\u00e1fico de drogas em Uni\u00e3o da Vit\u00f3ria"},"content":{"rendered":"\n<p>Ap\u00f3s den\u00fancias de tr\u00e1fico, as equipes da Pol\u00edcia Militar de Uni\u00e3o da Vit\u00f3ria realizaram dilig\u00eancias no bairro S\u00e3o Gabriel por volta das 00h10min desse domingo (26).<\/p>\n\n\n\n<p>Sendo que ap\u00f3s abordagem de um homem suspeito, foi encontrada com este certa quantidade de entorpecente an\u00e1loga \u00e0 coca\u00edna.<\/p>\n\n\n\n<figure class=\"wp-block-image size-full\"><img loading=\"lazy\" decoding=\"async\" width=\"897\" height=\"204\" src=\"https:\/\/radiostudiow.com.br\/site\/wp-content\/uploads\/2024\/01\/SITE-GRANDE3.png\" alt=\"zaions\" class=\"wp-image-18936\" srcset=\"https:\/\/radiostudiow.com.br\/site\/wp-content\/uploads\/2024\/01\/SITE-GRANDE3.png 897w, https:\/\/radiostudiow.com.br\/site\/wp-content\/uploads\/2024\/01\/SITE-GRANDE3-300x68.png 300w, https:\/\/radiostudiow.com.br\/site\/wp-content\/uploads\/2024\/01\/SITE-GRANDE3-768x175.png 768w\" sizes=\"auto, (max-width: 897px) 100vw, 897px\" \/><\/figure>\n\n\n\n<p>Em seguida foi realizada verifica\u00e7\u00e3o na resid\u00eancia onde havia ocorrido a comercializa\u00e7\u00e3o do referido entorpecente, sendo encontradas outras tr\u00eas pessoas e outras por\u00e7\u00f5es da mesma droga.<\/p>\n\n\n\n<p>Diante dos fatos foi dada voz de pris\u00e3o para tr\u00eas homens e uma mulher pelo crime de tr\u00e1fico de drogas. O entorpecente apreendido totalizou 13,2 gramas de coca\u00edna, foi encaminhado junto dos presos at\u00e9 a 4\u00aa SDP para as provid\u00eancias legais.<\/p>\n","protected":false},"excerpt":{"rendered":"<p>Ap\u00f3s den\u00fancias de tr\u00e1fico, as equipes da Pol\u00edcia Militar de Uni\u00e3o da Vit\u00f3ria realizaram dilig\u00eancias no bairro S\u00e3o Gabriel por volta das 00h10min desse domingo (26). Sendo que ap\u00f3s abordagem de um homem suspeito, foi encontrada com este certa quantidade de entorpecente an\u00e1loga \u00e0 coca\u00edna. Em seguida foi realizada verifica\u00e7\u00e3o na resid\u00eancia onde havia ocorrido [&hellip;]<\/p>\n","protected":false},"author":2,"featured_media":44048,"comment_status":"open","ping_status":"open","sticky":false,"template":"","format":"standard","meta":{"footnotes":""},"categories":[2],"tags":[172],"class_list":["post-44046","post","type-post","status-publish","format-standard","has-post-thumbnail","hentry","category-policial","tag-featured"],"amp_enabled":true,"_links":{"self":[{"href":"https:\/\/radiostudiow.com.br\/site\/wp-json\/wp\/v2\/posts\/44046","targetHints":{"allow":["GET"]}}],"collection":[{"href":"https:\/\/radiostudiow.com.br\/site\/wp-json\/wp\/v2\/posts"}],"about":[{"href":"https:\/\/radiostudiow.com.br\/site\/wp-json\/wp\/v2\/types\/post"}],"author":[{"embeddable":true,"href":"https:\/\/radiostudiow.com.br\/site\/wp-json\/wp\/v2\/users\/2"}],"replies":[{"embeddable":true,"href":"https:\/\/radiostudiow.com.br\/site\/wp-json\/wp\/v2\/comments?post=44046"}],"version-history":[{"count":3,"href":"https:\/\/radiostudiow.com.br\/site\/wp-json\/wp\/v2\/posts\/44046\/revisions"}],"predecessor-version":[{"id":44069,"href":"https:\/\/radiostudiow.com.br\/site\/wp-json\/wp\/v2\/posts\/44046\/revisions\/44069"}],"wp:featuredmedia":[{"embeddable":true,"href":"https:\/\/radiostudiow.com.br\/site\/wp-json\/wp\/v2\/media\/44048"}],"wp:attachment":[{"href":"https:\/\/radiostudiow.com.br\/site\/wp-json\/wp\/v2\/media?parent=44046"}],"wp:term":[{"taxonomy":"category","embeddable":true,"href":"https:\/\/radiostudiow.com.br\/site\/wp-json\/wp\/v2\/categories?post=44046"},{"taxonomy":"post_tag","embeddable":true,"href":"https:\/\/radiostudiow.com.br\/site\/wp-json\/wp\/v2\/tags?post=44046"}],"curies":[{"name":"wp","href":"https:\/\/api.w.org\/{rel}","templated":true}]}}