{"id":44059,"date":"2025-10-27T11:28:29","date_gmt":"2025-10-27T14:28:29","guid":{"rendered":"https:\/\/radiostudiow.com.br\/site\/?p=44059"},"modified":"2025-10-27T11:28:29","modified_gmt":"2025-10-27T14:28:29","slug":"homem-e-preso-por-trafico-de-drogas-apos-abordagem-de-veiculos-em-sao-mateus-do-sul","status":"publish","type":"post","link":"https:\/\/radiostudiow.com.br\/site\/2025\/10\/27\/homem-e-preso-por-trafico-de-drogas-apos-abordagem-de-veiculos-em-sao-mateus-do-sul\/","title":{"rendered":"Homem \u00e9 preso por tr\u00e1fico de drogas ap\u00f3s abordagem de ve\u00edculos em S\u00e3o Mateus do Sul"},"content":{"rendered":"\n<p>A guarni\u00e7\u00e3o da Pol\u00edcia Militar de S\u00e3o Mateus do Sul realizou a abordagem de um ve\u00edculo suspeito na rodovia BR-476 por volta das 15h30min desse s\u00e1bado (25).<\/p>\n\n\n\n<p>De acordo com o relat\u00f3rio policial, foi poss\u00edvel constatar que durante a aproxima\u00e7\u00e3o da viatura o condutor do autom\u00f3vel tentou dispensar certa quantia de entorpecentes pela janela do carro, contudo, a a\u00e7\u00e3o policial possibilitou a apreens\u00e3o do entorpecente.<\/p>\n\n\n\n<figure class=\"wp-block-image size-full\"><img loading=\"lazy\" decoding=\"async\" width=\"598\" height=\"204\" src=\"https:\/\/radiostudiow.com.br\/site\/wp-content\/uploads\/2025\/05\/POLAK.png\" alt=\"\" class=\"wp-image-37847\" srcset=\"https:\/\/radiostudiow.com.br\/site\/wp-content\/uploads\/2025\/05\/POLAK.png 598w, https:\/\/radiostudiow.com.br\/site\/wp-content\/uploads\/2025\/05\/POLAK-300x102.png 300w\" sizes=\"auto, (max-width: 598px) 100vw, 598px\" \/><\/figure>\n\n\n\n<p>Foram apreendidas 358,9 gramas de maconha, 35,51 gramas de coca\u00edna, uma balan\u00e7a de precis\u00e3o, dinheiro em esp\u00e9cie e dois celulares.<\/p>\n\n\n\n<p>O preso foi conduzido junto do entorpecente e dos demais objetos apreendidos at\u00e9 a Delegacia de Pol\u00edcia Civil para as provid\u00eancias legais.<\/p>\n","protected":false},"excerpt":{"rendered":"<p>A guarni\u00e7\u00e3o da Pol\u00edcia Militar de S\u00e3o Mateus do Sul realizou a abordagem de um ve\u00edculo suspeito na rodovia BR-476 por volta das 15h30min desse s\u00e1bado (25). De acordo com o relat\u00f3rio policial, foi poss\u00edvel constatar que durante a aproxima\u00e7\u00e3o da viatura o condutor do autom\u00f3vel tentou dispensar certa quantia de entorpecentes pela janela do [&hellip;]<\/p>\n","protected":false},"author":2,"featured_media":44060,"comment_status":"open","ping_status":"open","sticky":false,"template":"","format":"standard","meta":{"footnotes":""},"categories":[2],"tags":[172],"class_list":["post-44059","post","type-post","status-publish","format-standard","has-post-thumbnail","hentry","category-policial","tag-featured"],"amp_enabled":true,"_links":{"self":[{"href":"https:\/\/radiostudiow.com.br\/site\/wp-json\/wp\/v2\/posts\/44059","targetHints":{"allow":["GET"]}}],"collection":[{"href":"https:\/\/radiostudiow.com.br\/site\/wp-json\/wp\/v2\/posts"}],"about":[{"href":"https:\/\/radiostudiow.com.br\/site\/wp-json\/wp\/v2\/types\/post"}],"author":[{"embeddable":true,"href":"https:\/\/radiostudiow.com.br\/site\/wp-json\/wp\/v2\/users\/2"}],"replies":[{"embeddable":true,"href":"https:\/\/radiostudiow.com.br\/site\/wp-json\/wp\/v2\/comments?post=44059"}],"version-history":[{"count":3,"href":"https:\/\/radiostudiow.com.br\/site\/wp-json\/wp\/v2\/posts\/44059\/revisions"}],"predecessor-version":[{"id":44075,"href":"https:\/\/radiostudiow.com.br\/site\/wp-json\/wp\/v2\/posts\/44059\/revisions\/44075"}],"wp:featuredmedia":[{"embeddable":true,"href":"https:\/\/radiostudiow.com.br\/site\/wp-json\/wp\/v2\/media\/44060"}],"wp:attachment":[{"href":"https:\/\/radiostudiow.com.br\/site\/wp-json\/wp\/v2\/media?parent=44059"}],"wp:term":[{"taxonomy":"category","embeddable":true,"href":"https:\/\/radiostudiow.com.br\/site\/wp-json\/wp\/v2\/categories?post=44059"},{"taxonomy":"post_tag","embeddable":true,"href":"https:\/\/radiostudiow.com.br\/site\/wp-json\/wp\/v2\/tags?post=44059"}],"curies":[{"name":"wp","href":"https:\/\/api.w.org\/{rel}","templated":true}]}}