{"id":44081,"date":"2025-10-27T11:40:23","date_gmt":"2025-10-27T14:40:23","guid":{"rendered":"https:\/\/radiostudiow.com.br\/site\/?p=44081"},"modified":"2025-10-27T11:40:23","modified_gmt":"2025-10-27T14:40:23","slug":"motorista-se-envolve-em-acidente-com-ciclista-e-danifica-viatura-policial-em-rio-azul","status":"publish","type":"post","link":"https:\/\/radiostudiow.com.br\/site\/2025\/10\/27\/motorista-se-envolve-em-acidente-com-ciclista-e-danifica-viatura-policial-em-rio-azul\/","title":{"rendered":"Motorista se envolve em acidente com ciclista e danifica viatura policial em Rio Azul"},"content":{"rendered":"\n<figure class=\"wp-block-image size-full\"><img loading=\"lazy\" decoding=\"async\" width=\"300\" height=\"180\" src=\"https:\/\/radiostudiow.com.br\/site\/wp-content\/uploads\/2025\/08\/LILO.png\" alt=\"\" class=\"wp-image-41962\"\/><\/figure>\n\n\n\n<p>Um motociclista que transitava em zig-zag pelas ruas da cidade fugiu ap\u00f3s acidente com ciclista em Rio Azul nessa sexta-feira (24).<\/p>\n\n\n\n<p>Posteriormente, foi abordado, mas resistiu \u00e0 abordagem e danificou viatura policial. Depois de ser contido pelos policiais, ele foi levado para a Delegacia de Irati.<\/p>\n\n\n\n<p>Em outra ocorr\u00eancia, acontece uma colis\u00e3o frontal entre dois autom\u00f3veis na \u00e1rea rural do munic\u00edpio de Rio Azul. Ningu\u00e9m ficou ferido neste acidente.<\/p>\n","protected":false},"excerpt":{"rendered":"<p>Um motociclista que transitava em zig-zag pelas ruas da cidade fugiu ap\u00f3s acidente com ciclista em Rio Azul nessa sexta-feira (24). Posteriormente, foi abordado, mas resistiu \u00e0 abordagem e danificou viatura policial. Depois de ser contido pelos policiais, ele foi levado para a Delegacia de Irati. Em outra ocorr\u00eancia, acontece uma colis\u00e3o frontal entre dois [&hellip;]<\/p>\n","protected":false},"author":2,"featured_media":35305,"comment_status":"open","ping_status":"open","sticky":false,"template":"","format":"standard","meta":{"footnotes":""},"categories":[2],"tags":[172],"class_list":["post-44081","post","type-post","status-publish","format-standard","has-post-thumbnail","hentry","category-policial","tag-featured"],"amp_enabled":true,"_links":{"self":[{"href":"https:\/\/radiostudiow.com.br\/site\/wp-json\/wp\/v2\/posts\/44081","targetHints":{"allow":["GET"]}}],"collection":[{"href":"https:\/\/radiostudiow.com.br\/site\/wp-json\/wp\/v2\/posts"}],"about":[{"href":"https:\/\/radiostudiow.com.br\/site\/wp-json\/wp\/v2\/types\/post"}],"author":[{"embeddable":true,"href":"https:\/\/radiostudiow.com.br\/site\/wp-json\/wp\/v2\/users\/2"}],"replies":[{"embeddable":true,"href":"https:\/\/radiostudiow.com.br\/site\/wp-json\/wp\/v2\/comments?post=44081"}],"version-history":[{"count":1,"href":"https:\/\/radiostudiow.com.br\/site\/wp-json\/wp\/v2\/posts\/44081\/revisions"}],"predecessor-version":[{"id":44082,"href":"https:\/\/radiostudiow.com.br\/site\/wp-json\/wp\/v2\/posts\/44081\/revisions\/44082"}],"wp:featuredmedia":[{"embeddable":true,"href":"https:\/\/radiostudiow.com.br\/site\/wp-json\/wp\/v2\/media\/35305"}],"wp:attachment":[{"href":"https:\/\/radiostudiow.com.br\/site\/wp-json\/wp\/v2\/media?parent=44081"}],"wp:term":[{"taxonomy":"category","embeddable":true,"href":"https:\/\/radiostudiow.com.br\/site\/wp-json\/wp\/v2\/categories?post=44081"},{"taxonomy":"post_tag","embeddable":true,"href":"https:\/\/radiostudiow.com.br\/site\/wp-json\/wp\/v2\/tags?post=44081"}],"curies":[{"name":"wp","href":"https:\/\/api.w.org\/{rel}","templated":true}]}}