{"id":44096,"date":"2025-10-27T16:32:13","date_gmt":"2025-10-27T19:32:13","guid":{"rendered":"https:\/\/radiostudiow.com.br\/site\/?p=44096"},"modified":"2025-10-27T16:32:14","modified_gmt":"2025-10-27T19:32:14","slug":"policia-civil-de-uniao-da-vitoria-recaptura-foragido-condenado-por-homicidio","status":"publish","type":"post","link":"https:\/\/radiostudiow.com.br\/site\/2025\/10\/27\/policia-civil-de-uniao-da-vitoria-recaptura-foragido-condenado-por-homicidio\/","title":{"rendered":"Pol\u00edcia Civil de Uni\u00e3o da Vit\u00f3ria recaptura foragido condenado por homic\u00eddio"},"content":{"rendered":"\n<figure class=\"wp-block-image size-full\"><img loading=\"lazy\" decoding=\"async\" width=\"300\" height=\"180\" src=\"https:\/\/radiostudiow.com.br\/site\/wp-content\/uploads\/2025\/04\/AGRODU.png\" alt=\"\" class=\"wp-image-37219\"\/><\/figure>\n\n\n\n<p class=\"has-text-align-center\"><em>Da reda\u00e7\u00e3o Portal V.Vale<\/em><\/p>\n\n\n\n<p>A equipe da Pol\u00edcia Civil de Uni\u00e3o da Vit\u00f3ria realizou uma a\u00e7\u00e3o que resultou na recaptura de um homem de 45 anos condenado por homic\u00eddio na manh\u00e3 desta segunda-feira (27).<\/p>\n\n\n\n<p>O indiv\u00edduo estava foragido desde 12 de setembro de 2025, quando fugiu da Penitenci\u00e1ria de Chapec\u00f3, em Santa Catarina.<\/p>\n\n\n\n<p>A opera\u00e7\u00e3o foi conduzida pela 4\u00aa Subdivis\u00e3o Policial de Uni\u00e3o da Vit\u00f3ria e ocorreu na Col\u00f4nia Pinhal\u00e3o, \u00e1rea rural do munic\u00edpio. A a\u00e7\u00e3o faz parte do trabalho cont\u00ednuo da PCPR voltado \u00e0 repress\u00e3o qualificada, ao cumprimento de mandados judiciais e \u00e0 garantia da efetividade das decis\u00f5es da Justi\u00e7a.<\/p>\n\n\n\n<figure class=\"wp-block-image size-full is-resized\"><img loading=\"lazy\" decoding=\"async\" width=\"1024\" height=\"591\" src=\"https:\/\/radiostudiow.com.br\/site\/wp-content\/uploads\/2025\/09\/image-61.png\" alt=\"\" class=\"wp-image-42556\" style=\"width:572px;height:auto\" srcset=\"https:\/\/radiostudiow.com.br\/site\/wp-content\/uploads\/2025\/09\/image-61.png 1024w, https:\/\/radiostudiow.com.br\/site\/wp-content\/uploads\/2025\/09\/image-61-300x173.png 300w, https:\/\/radiostudiow.com.br\/site\/wp-content\/uploads\/2025\/09\/image-61-768x443.png 768w\" sizes=\"auto, (max-width: 1024px) 100vw, 1024px\" \/><\/figure>\n\n\n\n<p>De acordo com a pol\u00edcia, as investiga\u00e7\u00f5es envolveram dilig\u00eancias espec\u00edficas para rastrear foragidos e a an\u00e1lise de informa\u00e7\u00f5es que apontavam a presen\u00e7a do condenado na zona rural. Ap\u00f3s cruzamento de dados, a equipe confirmou que o homem utilizava uma serraria como esconderijo e ponto de apoio log\u00edstico.<\/p>\n\n\n\n<p>Com base nessas informa\u00e7\u00f5es, os policiais civis planejaram uma abordagem estrat\u00e9gica, garantindo a seguran\u00e7a dos agentes e a efici\u00eancia da opera\u00e7\u00e3o. O suspeito foi localizado, contido e recapturado sem oferecer resist\u00eancia.<\/p>\n\n\n\n<p>Conclu\u00eddas as formalidades legais, o detido foi entregue ao Departamento Penitenci\u00e1rio (Depen), que ficar\u00e1 respons\u00e1vel por sua cust\u00f3dia e pelo prosseguimento do cumprimento da pena imposta pela Justi\u00e7a.<\/p>\n\n\n\n<p class=\"has-text-align-center\"><em>Da reda\u00e7\u00e3o Portal V.Vale<\/em><\/p>\n","protected":false},"excerpt":{"rendered":"<p>Da reda\u00e7\u00e3o Portal V.Vale A equipe da Pol\u00edcia Civil de Uni\u00e3o da Vit\u00f3ria realizou uma a\u00e7\u00e3o que resultou na recaptura de um homem de 45 anos condenado por homic\u00eddio na manh\u00e3 desta segunda-feira (27). O indiv\u00edduo estava foragido desde 12 de setembro de 2025, quando fugiu da Penitenci\u00e1ria de Chapec\u00f3, em Santa Catarina. A opera\u00e7\u00e3o [&hellip;]<\/p>\n","protected":false},"author":2,"featured_media":34036,"comment_status":"open","ping_status":"open","sticky":false,"template":"","format":"standard","meta":{"footnotes":""},"categories":[2],"tags":[172],"class_list":["post-44096","post","type-post","status-publish","format-standard","has-post-thumbnail","hentry","category-policial","tag-featured"],"amp_enabled":true,"_links":{"self":[{"href":"https:\/\/radiostudiow.com.br\/site\/wp-json\/wp\/v2\/posts\/44096","targetHints":{"allow":["GET"]}}],"collection":[{"href":"https:\/\/radiostudiow.com.br\/site\/wp-json\/wp\/v2\/posts"}],"about":[{"href":"https:\/\/radiostudiow.com.br\/site\/wp-json\/wp\/v2\/types\/post"}],"author":[{"embeddable":true,"href":"https:\/\/radiostudiow.com.br\/site\/wp-json\/wp\/v2\/users\/2"}],"replies":[{"embeddable":true,"href":"https:\/\/radiostudiow.com.br\/site\/wp-json\/wp\/v2\/comments?post=44096"}],"version-history":[{"count":2,"href":"https:\/\/radiostudiow.com.br\/site\/wp-json\/wp\/v2\/posts\/44096\/revisions"}],"predecessor-version":[{"id":44098,"href":"https:\/\/radiostudiow.com.br\/site\/wp-json\/wp\/v2\/posts\/44096\/revisions\/44098"}],"wp:featuredmedia":[{"embeddable":true,"href":"https:\/\/radiostudiow.com.br\/site\/wp-json\/wp\/v2\/media\/34036"}],"wp:attachment":[{"href":"https:\/\/radiostudiow.com.br\/site\/wp-json\/wp\/v2\/media?parent=44096"}],"wp:term":[{"taxonomy":"category","embeddable":true,"href":"https:\/\/radiostudiow.com.br\/site\/wp-json\/wp\/v2\/categories?post=44096"},{"taxonomy":"post_tag","embeddable":true,"href":"https:\/\/radiostudiow.com.br\/site\/wp-json\/wp\/v2\/tags?post=44096"}],"curies":[{"name":"wp","href":"https:\/\/api.w.org\/{rel}","templated":true}]}}