{"id":44133,"date":"2025-10-28T11:14:15","date_gmt":"2025-10-28T14:14:15","guid":{"rendered":"https:\/\/radiostudiow.com.br\/site\/?p=44133"},"modified":"2025-10-28T11:14:16","modified_gmt":"2025-10-28T14:14:16","slug":"policia-militar-prende-homem-de-posse-de-suas-armas-de-fogo-e-municoes-em-general-carneiro","status":"publish","type":"post","link":"https:\/\/radiostudiow.com.br\/site\/2025\/10\/28\/policia-militar-prende-homem-de-posse-de-suas-armas-de-fogo-e-municoes-em-general-carneiro\/","title":{"rendered":"Pol\u00edcia Militar prende homem de posse de suas armas de fogo e muni\u00e7\u00f5es em General Carneiro"},"content":{"rendered":"\n<p>A equipe da Pol\u00edcia Militar de General Carneiro realizou dilig\u00eancias na localidade de Iratin, ap\u00f3s informa\u00e7\u00f5es sobre poss\u00edvel posse e comercializa\u00e7\u00e3o irregular de armas de fogo.<\/p>\n\n\n\n<p>A\u00e7\u00e3o ocorreu por volta das 19h30min dessa segunda-feira (27).<\/p>\n\n\n\n<figure class=\"wp-block-image size-full\"><img loading=\"lazy\" decoding=\"async\" width=\"897\" height=\"204\" src=\"https:\/\/radiostudiow.com.br\/site\/wp-content\/uploads\/2025\/03\/BARAO-NOVO-NOTICIAS-1.jpg\" alt=\"\" class=\"wp-image-35084\" srcset=\"https:\/\/radiostudiow.com.br\/site\/wp-content\/uploads\/2025\/03\/BARAO-NOVO-NOTICIAS-1.jpg 897w, https:\/\/radiostudiow.com.br\/site\/wp-content\/uploads\/2025\/03\/BARAO-NOVO-NOTICIAS-1-300x68.jpg 300w, https:\/\/radiostudiow.com.br\/site\/wp-content\/uploads\/2025\/03\/BARAO-NOVO-NOTICIAS-1-768x175.jpg 768w\" sizes=\"auto, (max-width: 897px) 100vw, 897px\" \/><\/figure>\n\n\n\n<p>Os policiais se deslocaram at\u00e9 o endere\u00e7o relacionado, em abordagem foi poss\u00edvel localizar duas armas de fogo, sendo uma carabina calibre .22 e uma pistola, al\u00e9m de muni\u00e7\u00f5es de calibre .38 e .22.<\/p>\n\n\n\n<p>Diante dos fatos foi dada voz de pris\u00e3o \u00e0 um homem que tinha a posse do armamento, sendo conduzido juntamente com o material apreendido at\u00e9 a sede da 4\u00aa SDP para aprecia\u00e7\u00e3o dos fatos pela autoridade competente.<\/p>\n\n\n\n<figure class=\"wp-block-image size-full\"><img decoding=\"async\" src=\"https:\/\/radiostudiow.com.br\/site\/wp-content\/uploads\/2025\/10\/SUPREMA-BARBA.png\" alt=\"\" class=\"wp-image-44123\"\/><\/figure>\n","protected":false},"excerpt":{"rendered":"<p>A equipe da Pol\u00edcia Militar de General Carneiro realizou dilig\u00eancias na localidade de Iratin, ap\u00f3s informa\u00e7\u00f5es sobre poss\u00edvel posse e comercializa\u00e7\u00e3o irregular de armas de fogo. A\u00e7\u00e3o ocorreu por volta das 19h30min dessa segunda-feira (27). Os policiais se deslocaram at\u00e9 o endere\u00e7o relacionado, em abordagem foi poss\u00edvel localizar duas armas de fogo, sendo uma carabina [&hellip;]<\/p>\n","protected":false},"author":2,"featured_media":44135,"comment_status":"open","ping_status":"open","sticky":false,"template":"","format":"standard","meta":{"footnotes":""},"categories":[2],"tags":[172],"class_list":["post-44133","post","type-post","status-publish","format-standard","has-post-thumbnail","hentry","category-policial","tag-featured"],"amp_enabled":true,"_links":{"self":[{"href":"https:\/\/radiostudiow.com.br\/site\/wp-json\/wp\/v2\/posts\/44133","targetHints":{"allow":["GET"]}}],"collection":[{"href":"https:\/\/radiostudiow.com.br\/site\/wp-json\/wp\/v2\/posts"}],"about":[{"href":"https:\/\/radiostudiow.com.br\/site\/wp-json\/wp\/v2\/types\/post"}],"author":[{"embeddable":true,"href":"https:\/\/radiostudiow.com.br\/site\/wp-json\/wp\/v2\/users\/2"}],"replies":[{"embeddable":true,"href":"https:\/\/radiostudiow.com.br\/site\/wp-json\/wp\/v2\/comments?post=44133"}],"version-history":[{"count":2,"href":"https:\/\/radiostudiow.com.br\/site\/wp-json\/wp\/v2\/posts\/44133\/revisions"}],"predecessor-version":[{"id":44136,"href":"https:\/\/radiostudiow.com.br\/site\/wp-json\/wp\/v2\/posts\/44133\/revisions\/44136"}],"wp:featuredmedia":[{"embeddable":true,"href":"https:\/\/radiostudiow.com.br\/site\/wp-json\/wp\/v2\/media\/44135"}],"wp:attachment":[{"href":"https:\/\/radiostudiow.com.br\/site\/wp-json\/wp\/v2\/media?parent=44133"}],"wp:term":[{"taxonomy":"category","embeddable":true,"href":"https:\/\/radiostudiow.com.br\/site\/wp-json\/wp\/v2\/categories?post=44133"},{"taxonomy":"post_tag","embeddable":true,"href":"https:\/\/radiostudiow.com.br\/site\/wp-json\/wp\/v2\/tags?post=44133"}],"curies":[{"name":"wp","href":"https:\/\/api.w.org\/{rel}","templated":true}]}}