{"id":4414,"date":"2021-11-10T10:20:11","date_gmt":"2021-11-10T13:20:11","guid":{"rendered":"https:\/\/radiostudiow.com.br\/site\/?p=4414"},"modified":"2025-01-31T15:12:22","modified_gmt":"2025-01-31T18:12:22","slug":"semana-enef-com-mobilizacao-de-voluntarios-e-conteudos-exclusivos-sicredi-intensifica-acoes-voltadas-a-comunidade","status":"publish","type":"post","link":"https:\/\/radiostudiow.com.br\/site\/2021\/11\/10\/semana-enef-com-mobilizacao-de-voluntarios-e-conteudos-exclusivos-sicredi-intensifica-acoes-voltadas-a-comunidade\/","title":{"rendered":"Semana ENEF: Com mobiliza\u00e7\u00e3o de volunt\u00e1rios e conte\u00fados exclusivos, Sicredi intensifica a\u00e7\u00f5es voltadas \u00e0 comunidade"},"content":{"rendered":"\n<p><em>Iniciativas realizadas durante a Semana Nacional de Educa\u00e7\u00e3o Financeira incluem oficinas gratuitas sobre organiza\u00e7\u00e3o do or\u00e7amento e distribui\u00e7\u00e3o de 1,3 milh\u00e3o de revistas em quadrinhos da Turma da M\u00f4nica Jovem<\/em>.<\/p>\n\n\n\n<p>Oficinas gratuitas de planejamento do or\u00e7amento, dicas de educa\u00e7\u00e3o financeira para o p\u00fablico infantil, adolescentes e adultos e constante treinamento dos colaboradores volunt\u00e1rios que atuam nos projetos sobre o tema. Essas s\u00e3o algumas das iniciativas que o Sicredi tem desenvolvido, ao longo dos anos, com o objetivo de cooperar para uma vida financeira mais sustent\u00e1vel dos associados e da sociedade. Com esse prop\u00f3sito, a institui\u00e7\u00e3o financeira cooperativa participa de mais uma edi\u00e7\u00e3o da&nbsp;Semana Nacional de Educa\u00e7\u00e3o Financeira (Semana ENEF), entre os dias 8 e 14 de novembro, com refor\u00e7o nos projetos voltados \u00e0 comunidade.<\/p>\n\n\n\n<p>Realizadas pelas cooperativas filiadas, as oficinas de educa\u00e7\u00e3o financeira contam com apoio de mais de 1,5 mil colaboradores volunt\u00e1rios, somente nos estados do Paran\u00e1, S\u00e3o Paulo e Rio de Janeiro.&nbsp; Em 2021, est\u00e3o previstas, nos tr\u00eas estados, mais de 1,4 mil a\u00e7\u00f5es que integram o programa nacional <em>&#8220;Coopera\u00e7\u00e3o na Ponta do L\u00e1pis\u201d<\/em> e que visam transmitir conte\u00fados sobre planejamento do or\u00e7amento, controle de gastos e cr\u00e9dito consciente para p\u00fablicos de diferentes idades.<\/p>\n\n\n\n<figure class=\"wp-block-image size-large\"><img decoding=\"async\" src=\"https:\/\/radiostudiow.com.br\/site\/wp-content\/uploads\/2021\/11\/Credito-Imagem-Arquivo-Divulgacao-Sicredi-Oficina-Ed-Financeira-antes-da-pandemia-1-1024x680.jpg\" alt=\"\" class=\"wp-image-4416\"\/><\/figure>\n\n\n\n<p><em>\u201cComo institui\u00e7\u00e3o financeira cooperativa estamos conectados com as comunidades onde atuamos para<\/em> <em>a gera\u00e7\u00e3o de desenvolvimento e renda. Por isso \u00e9 t\u00e3o importante nos&nbsp; mantermos firmes no prop\u00f3sito de transmitir o conhecimento com a\u00e7\u00f5es de educa\u00e7\u00e3o financeira voltada para todas as idades. E para a realiza\u00e7\u00e3o dessas iniciativas temos como parceiros fundamentais os colaboradores das cooperativas que, voluntariamente, ajudam a transmitir conte\u00fados relevantes para uma sociedade mais pr\u00f3spera&#8221;<\/em>, afirma o presidente da Central Sicredi PR\/SP\/RJ, Manfred Dasenbrock.<\/p>\n\n\n\n<p><strong>Turma da M\u00f4nica Jovem<\/strong><\/p>\n\n\n\n<figure class=\"wp-block-image size-large\"><img decoding=\"async\" src=\"https:\/\/radiostudiow.com.br\/site\/wp-content\/uploads\/2021\/11\/56372-nacional-card-instagram-tdm-cooperacao-na-ponta-do-lapis-semana-enef-1024x1024.jpg\" alt=\"\" class=\"wp-image-4419\"\/><\/figure>\n\n\n\n<p>No m\u00eas de novembro o Sicredi tamb\u00e9m lan\u00e7a, nos estados do Paran\u00e1, S\u00e3o Paulo e Rio de Janeiro, tr\u00eas edi\u00e7\u00f5es de revistas em quadrinhos da Turma da M\u00f4nica Jovem com conceitos de educa\u00e7\u00e3o financeira. Desenvolvidos especialmente para o Sicredi pela Mauricio de Sousa Produ\u00e7\u00f5es, os gibis s\u00e3o baseados no conte\u00fado do Caderno de Educa\u00e7\u00e3o Financeira e Gest\u00e3o de Finan\u00e7as Pessoais do Banco Central do Brasil e tem como objetivo levar aos adolescentes e jovens hist\u00f3rias sobre organiza\u00e7\u00e3o do or\u00e7amento de forma mais descontra\u00edda e conectada com o dia a dia.<\/p>\n\n\n\n<p>Mauricio de Sousa ressalta a import\u00e2ncia de tratar temas importantes com uma linguagem voltada para as novas gera\u00e7\u00f5es. <em>\u201cEm minha juventude, se tivesse essas informa\u00e7\u00f5es, me ajudaria muito no in\u00edcio de minha vida profissional. Nestas revistas s\u00e3o passadas dicas importantes por meio dos personagens, que j\u00e1 fazem parte do universo jovem, na linguagem leve e eficaz dos quadrinhos\u201d<\/em>, aponta.<\/p>\n\n\n\n<figure class=\"wp-block-image size-full\"><img decoding=\"async\" src=\"https:\/\/radiostudiow.com.br\/site\/wp-content\/uploads\/2021\/11\/Com-mobilizacao-de-voluntarios-e-conteudos-exclusivos-Sicredi-intensifica-acoes-voltadas-a-comunidade.jpg\" alt=\"\" class=\"wp-image-4417\"\/><\/figure>\n\n\n\n<p>No estado do Paran\u00e1, o Sicredi firmou um acordo com a Secretaria de Estado da Educa\u00e7\u00e3o e do Esporte (SEED-PR), para a distribui\u00e7\u00e3o gratuita de 1,3 milh\u00e3o de gibis da Turma da M\u00f4nica Jovem. Essa distribui\u00e7\u00e3o ser\u00e1 realizada para todos os estudantes do ensino m\u00e9dio da rede p\u00fablica estadual de ensino, por meio das ag\u00eancias do Sicredi. Segundo o Secret\u00e1rio de Educa\u00e7\u00e3o, Renato Feder, os exemplares contribuir\u00e3o para que os estudantes aprimorem, por meio da leitura, ainda mais seus<br>conhecimentos e conceitos sobre educa\u00e7\u00e3o financeira. O trabalho com este componente curricular no estado do Paran\u00e1, tem como objetivo ajudar os jovens e adolescentes a se relacionarem de forma saud\u00e1vel com os recursos financeiros, melhorando suas expectativas presentes e futuras.<\/p>\n\n\n\n<p>O projeto com os gibis especiais da Turma da M\u00f4nica teve in\u00edcio em 2018, com o lan\u00e7amento das tr\u00eas primeiras edi\u00e7\u00f5es voltadas ao p\u00fablico infantil. Ao todo, seis edi\u00e7\u00f5es para as crian\u00e7as j\u00e1 foram disponibilizadas nas ag\u00eancias do Sicredi e durante as oficinas, al\u00e9m dos desenhos animados que podem ser assistidos no canal oficial do Sicredi no YouTube.<\/p>\n\n\n\n<figure class=\"wp-block-image size-full\"><img decoding=\"async\" src=\"https:\/\/radiostudiow.com.br\/site\/wp-content\/uploads\/2021\/11\/Gibis-Turma-da-Monica-Jovem-Sicredi-Educacao-Financeira.jpg\" alt=\"\" class=\"wp-image-4418\"\/><\/figure>\n\n\n\n<p><em>\u201cInspirados pela Semana ENEF e com o apoio das nossas cooperativas, estamos sempre buscando maneiras de refor\u00e7ar nossas a\u00e7\u00f5es de educa\u00e7\u00e3o financeira, ampliando a abrang\u00eancia das iniciativas e impactando positivamente as comunidades onde estamos inseridos. Nossas a\u00e7\u00f5es de educa\u00e7\u00e3o financeira integram o que acreditamos ser um ciclo virtuoso do cooperativismo de cr\u00e9dito com<\/em> <em>benef\u00edcios diretos para nossos associados e o fomento ao desenvolvimento regional\u201d<\/em>, finaliza Dasenbrock.<\/p>\n\n\n\n<p><strong>Sobre o Sicredi<\/strong><\/p>\n\n\n\n<p>O Sicredi \u00e9 uma institui\u00e7\u00e3o financeira cooperativa comprometida com o crescimento dos seus associados e com o desenvolvimento das regi\u00f5es onde atua. O modelo de gest\u00e3o do Sicredi valoriza a participa\u00e7\u00e3o dos mais de 5 milh\u00f5es de associados, os quais exercem papel de donos do neg\u00f3cio. Com presen\u00e7a nacional, o Sicredi est\u00e1 em 25 estados* e no Distrito Federal, com mais de 2.000 ag\u00eancias, e oferece mais de 300 produtos e servi\u00e7os financeiros (www.sicredi.com.br).<\/p>\n\n\n\n<p><em>Acre, Alagoas, Amap\u00e1, Amazonas, Bahia, Cear\u00e1, Esp\u00edrito Santo, Goi\u00e1s, Maranh\u00e3o,<br>Mato Grosso, Mato Grosso do Sul, Minas Gerais, Par\u00e1, Para\u00edba, Paran\u00e1, Pernambuco,<br>Piau\u00ed, Rio de Janeiro, Rio Grande do Norte, Rio Grande do Sul, Rond\u00f4nia, Santa<br>Catarina, S\u00e3o Paulo, Sergipe e Tocantins.<\/em><\/p>\n","protected":false},"excerpt":{"rendered":"<p>Iniciativas realizadas durante a Semana Nacional de Educa\u00e7\u00e3o Financeira incluem oficinas gratuitas sobre organiza\u00e7\u00e3o do or\u00e7amento e distribui\u00e7\u00e3o de 1,3 milh\u00e3o de revistas em quadrinhos da Turma da M\u00f4nica Jovem. Oficinas gratuitas de planejamento do or\u00e7amento, dicas de educa\u00e7\u00e3o financeira para o p\u00fablico infantil, adolescentes e adultos e constante treinamento dos colaboradores volunt\u00e1rios que atuam [&hellip;]<\/p>\n","protected":false},"author":2,"featured_media":0,"comment_status":"open","ping_status":"open","sticky":false,"template":"","format":"standard","meta":{"footnotes":""},"categories":[7],"tags":[172],"class_list":["post-4414","post","type-post","status-publish","format-standard","hentry","category-geral","tag-featured"],"amp_enabled":true,"_links":{"self":[{"href":"https:\/\/radiostudiow.com.br\/site\/wp-json\/wp\/v2\/posts\/4414","targetHints":{"allow":["GET"]}}],"collection":[{"href":"https:\/\/radiostudiow.com.br\/site\/wp-json\/wp\/v2\/posts"}],"about":[{"href":"https:\/\/radiostudiow.com.br\/site\/wp-json\/wp\/v2\/types\/post"}],"author":[{"embeddable":true,"href":"https:\/\/radiostudiow.com.br\/site\/wp-json\/wp\/v2\/users\/2"}],"replies":[{"embeddable":true,"href":"https:\/\/radiostudiow.com.br\/site\/wp-json\/wp\/v2\/comments?post=4414"}],"version-history":[{"count":2,"href":"https:\/\/radiostudiow.com.br\/site\/wp-json\/wp\/v2\/posts\/4414\/revisions"}],"predecessor-version":[{"id":4429,"href":"https:\/\/radiostudiow.com.br\/site\/wp-json\/wp\/v2\/posts\/4414\/revisions\/4429"}],"wp:attachment":[{"href":"https:\/\/radiostudiow.com.br\/site\/wp-json\/wp\/v2\/media?parent=4414"}],"wp:term":[{"taxonomy":"category","embeddable":true,"href":"https:\/\/radiostudiow.com.br\/site\/wp-json\/wp\/v2\/categories?post=4414"},{"taxonomy":"post_tag","embeddable":true,"href":"https:\/\/radiostudiow.com.br\/site\/wp-json\/wp\/v2\/tags?post=4414"}],"curies":[{"name":"wp","href":"https:\/\/api.w.org\/{rel}","templated":true}]}}