{"id":44146,"date":"2025-10-28T18:29:18","date_gmt":"2025-10-28T21:29:18","guid":{"rendered":"https:\/\/radiostudiow.com.br\/site\/?p=44146"},"modified":"2025-10-28T18:29:19","modified_gmt":"2025-10-28T21:29:19","slug":"discussao-familiar-termina-em-confusao-e-ameaca-com-faca-em-rio-azul","status":"publish","type":"post","link":"https:\/\/radiostudiow.com.br\/site\/2025\/10\/28\/discussao-familiar-termina-em-confusao-e-ameaca-com-faca-em-rio-azul\/","title":{"rendered":"Discuss\u00e3o familiar termina em confus\u00e3o e amea\u00e7a com faca em Rio Azul"},"content":{"rendered":"\n<figure class=\"wp-block-image size-full\"><img loading=\"lazy\" decoding=\"async\" width=\"731\" height=\"204\" src=\"https:\/\/radiostudiow.com.br\/site\/wp-content\/uploads\/2025\/10\/ZAIONS.png\" alt=\"\" class=\"wp-image-44147\" srcset=\"https:\/\/radiostudiow.com.br\/site\/wp-content\/uploads\/2025\/10\/ZAIONS.png 731w, https:\/\/radiostudiow.com.br\/site\/wp-content\/uploads\/2025\/10\/ZAIONS-300x84.png 300w\" sizes=\"auto, (max-width: 731px) 100vw, 731px\" \/><\/figure>\n\n\n\n<p>Uma ocorr\u00eancia de viol\u00eancia dom\u00e9stica mobilizou a Pol\u00edcia Militar de Rio Azul na noite desta segunda-feira (27), na localidade de Marumbi dos Ribeiros. O caso envolveu desentendimento entre familiares e terminou com amea\u00e7as e agress\u00f5es f\u00edsicas.<\/p>\n\n\n\n<p>De acordo com o boletim da 8\u00aa Companhia Independente da PM, por volta das 19h30, a equipe foi acionada para verificar uma den\u00fancia de viol\u00eancia dom\u00e9stica. No local, os policiais conversaram com a v\u00edtima, que relatou que o pr\u00f3prio filho teria chegado em casa alterado ap\u00f3s um desentendimento envolvendo o uso de um trator, que estaria sendo utilizado por seu pai e irm\u00e3o.<\/p>\n\n\n\n<figure class=\"wp-block-image size-full\"><img loading=\"lazy\" decoding=\"async\" width=\"598\" height=\"204\" src=\"https:\/\/radiostudiow.com.br\/site\/wp-content\/uploads\/2025\/05\/POLAK.png\" alt=\"\" class=\"wp-image-37847\" srcset=\"https:\/\/radiostudiow.com.br\/site\/wp-content\/uploads\/2025\/05\/POLAK.png 598w, https:\/\/radiostudiow.com.br\/site\/wp-content\/uploads\/2025\/05\/POLAK-300x102.png 300w\" sizes=\"auto, (max-width: 598px) 100vw, 598px\" \/><\/figure>\n\n\n\n<p>Segundo o relato, em meio \u00e0 discuss\u00e3o, o homem pegou uma faca e amea\u00e7ou sua m\u00e3e, iniciando em seguida uma briga com o irm\u00e3o. As agress\u00f5es s\u00f3 cessaram quando o pai interveio na situa\u00e7\u00e3o.<\/p>\n\n\n\n<p>Diante dos fatos, as partes foram encaminhadas para a realiza\u00e7\u00e3o de exame de les\u00f5es corporais e, posteriormente, \u00e0 Delegacia de Pol\u00edcia Civil, onde o caso foi registrado e segue para os devidos procedimentos legais.<\/p>\n","protected":false},"excerpt":{"rendered":"<p>Uma ocorr\u00eancia de viol\u00eancia dom\u00e9stica mobilizou a Pol\u00edcia Militar de Rio Azul na noite desta segunda-feira (27), na localidade de Marumbi dos Ribeiros. O caso envolveu desentendimento entre familiares e terminou com amea\u00e7as e agress\u00f5es f\u00edsicas. De acordo com o boletim da 8\u00aa Companhia Independente da PM, por volta das 19h30, a equipe foi acionada [&hellip;]<\/p>\n","protected":false},"author":2,"featured_media":44149,"comment_status":"open","ping_status":"open","sticky":false,"template":"","format":"standard","meta":{"footnotes":""},"categories":[2],"tags":[172],"class_list":["post-44146","post","type-post","status-publish","format-standard","has-post-thumbnail","hentry","category-policial","tag-featured"],"amp_enabled":true,"_links":{"self":[{"href":"https:\/\/radiostudiow.com.br\/site\/wp-json\/wp\/v2\/posts\/44146","targetHints":{"allow":["GET"]}}],"collection":[{"href":"https:\/\/radiostudiow.com.br\/site\/wp-json\/wp\/v2\/posts"}],"about":[{"href":"https:\/\/radiostudiow.com.br\/site\/wp-json\/wp\/v2\/types\/post"}],"author":[{"embeddable":true,"href":"https:\/\/radiostudiow.com.br\/site\/wp-json\/wp\/v2\/users\/2"}],"replies":[{"embeddable":true,"href":"https:\/\/radiostudiow.com.br\/site\/wp-json\/wp\/v2\/comments?post=44146"}],"version-history":[{"count":1,"href":"https:\/\/radiostudiow.com.br\/site\/wp-json\/wp\/v2\/posts\/44146\/revisions"}],"predecessor-version":[{"id":44150,"href":"https:\/\/radiostudiow.com.br\/site\/wp-json\/wp\/v2\/posts\/44146\/revisions\/44150"}],"wp:featuredmedia":[{"embeddable":true,"href":"https:\/\/radiostudiow.com.br\/site\/wp-json\/wp\/v2\/media\/44149"}],"wp:attachment":[{"href":"https:\/\/radiostudiow.com.br\/site\/wp-json\/wp\/v2\/media?parent=44146"}],"wp:term":[{"taxonomy":"category","embeddable":true,"href":"https:\/\/radiostudiow.com.br\/site\/wp-json\/wp\/v2\/categories?post=44146"},{"taxonomy":"post_tag","embeddable":true,"href":"https:\/\/radiostudiow.com.br\/site\/wp-json\/wp\/v2\/tags?post=44146"}],"curies":[{"name":"wp","href":"https:\/\/api.w.org\/{rel}","templated":true}]}}