{"id":44153,"date":"2025-10-28T21:16:36","date_gmt":"2025-10-29T00:16:36","guid":{"rendered":"https:\/\/radiostudiow.com.br\/site\/?p=44153"},"modified":"2025-10-28T21:16:37","modified_gmt":"2025-10-29T00:16:37","slug":"policia-militar-ambiental-vai-reforcar-fiscalizacao-durante-a-piracema","status":"publish","type":"post","link":"https:\/\/radiostudiow.com.br\/site\/2025\/10\/28\/policia-militar-ambiental-vai-reforcar-fiscalizacao-durante-a-piracema\/","title":{"rendered":"Pol\u00edcia Militar Ambiental vai refor\u00e7ar fiscaliza\u00e7\u00e3o durante a piracema"},"content":{"rendered":"\n<p><a href=\"https:\/\/najua.com.br\/noticia\/policia-militar-ambiental-vai-reforcar-fiscalizacao-durante-a-piracema\/#\"><\/a><\/p>\n\n\n\n<p class=\"has-text-align-center\">Fonte: <a href=\"https:\/\/najua.com.br\/\">R\u00e1dio Naju\u00e1<\/a><\/p>\n\n\n\n<p><em>O per\u00edodo de defeso da piracema come\u00e7a em 1\u00ba de novembro e vai at\u00e9 28 de fevereiro de 2026 no Paran\u00e1. A pesca \u00e9 proibida em rios para todas as esp\u00e9cies e, em lagos, apenas para peixes nativos\/ Texto de Diego Gauron, com informa\u00e7\u00f5es da Pol\u00edcia Militar Ambiental<\/em><\/p>\n\n\n\n<figure class=\"wp-block-image size-full\"><img loading=\"lazy\" decoding=\"async\" width=\"598\" height=\"204\" src=\"https:\/\/radiostudiow.com.br\/site\/wp-content\/uploads\/2025\/04\/BOROX.png\" alt=\"\" class=\"wp-image-37229\" srcset=\"https:\/\/radiostudiow.com.br\/site\/wp-content\/uploads\/2025\/04\/BOROX.png 598w, https:\/\/radiostudiow.com.br\/site\/wp-content\/uploads\/2025\/04\/BOROX-300x102.png 300w\" sizes=\"auto, (max-width: 598px) 100vw, 598px\" \/><\/figure>\n\n\n\n<p><\/p>\n\n\n\n<p>O per\u00edodo de defeso da piracema come\u00e7a em 1\u00ba de novembro e segue at\u00e9 28 de fevereiro de 2026 no Paran\u00e1. Durante esses meses, a pesca \u00e9 proibida em rios para todas as esp\u00e9cies. J\u00e1 em lagos, a proibi\u00e7\u00e3o vale apenas para peixes nativos, como lambari, bagre, tra\u00edra, cascudo, dourado e pintado, entre outras.<\/p>\n\n\n\n<p>J\u00e1 as esp\u00e9cies ex\u00f3ticas, como til\u00e1pia, bagre-africano, black bass, catfish, peixe-rei, corvina e tucunar\u00e9, podem ser pescadas apenas em lagos, respeitando as normas vigentes.<\/p>\n\n\n\n<figure class=\"wp-block-image size-full\"><img loading=\"lazy\" decoding=\"async\" width=\"300\" height=\"180\" src=\"https:\/\/radiostudiow.com.br\/site\/wp-content\/uploads\/2025\/05\/SITE-PEQUENO.jpg\" alt=\"\" class=\"wp-image-38684\"\/><\/figure>\n\n\n\n<p>A Pol\u00edcia Militar Ambiental alerta que quem descumprir as regras est\u00e1 sujeito a multas, apreens\u00e3o de equipamentos e at\u00e9 pris\u00e3o em flagrante.<\/p>\n\n\n\n<p>Tamb\u00e9m destaca que \u00e9 proibido o uso de determinados petrechos de pesca, como redes, tarrafas, espinh\u00e9is, anz\u00f3is de galho, covos e boias-loucas. O uso desses equipamentos ilegais tamb\u00e9m configura infra\u00e7\u00e3o, sujeita \u00e0s mesmas penalidades.<\/p>\n\n\n\n<p>Den\u00fancias de pesca irregular podem ser feitas pelo 181 (Disque Den\u00fancia) de forma an\u00f4nima.<\/p>\n","protected":false},"excerpt":{"rendered":"<p>Fonte: R\u00e1dio Naju\u00e1 O per\u00edodo de defeso da piracema come\u00e7a em 1\u00ba de novembro e vai at\u00e9 28 de fevereiro de 2026 no Paran\u00e1. A pesca \u00e9 proibida em rios para todas as esp\u00e9cies e, em lagos, apenas para peixes nativos\/ Texto de Diego Gauron, com informa\u00e7\u00f5es da Pol\u00edcia Militar Ambiental O per\u00edodo de defeso [&hellip;]<\/p>\n","protected":false},"author":2,"featured_media":44154,"comment_status":"open","ping_status":"open","sticky":false,"template":"","format":"standard","meta":{"footnotes":""},"categories":[2],"tags":[172],"class_list":["post-44153","post","type-post","status-publish","format-standard","has-post-thumbnail","hentry","category-policial","tag-featured"],"amp_enabled":true,"_links":{"self":[{"href":"https:\/\/radiostudiow.com.br\/site\/wp-json\/wp\/v2\/posts\/44153","targetHints":{"allow":["GET"]}}],"collection":[{"href":"https:\/\/radiostudiow.com.br\/site\/wp-json\/wp\/v2\/posts"}],"about":[{"href":"https:\/\/radiostudiow.com.br\/site\/wp-json\/wp\/v2\/types\/post"}],"author":[{"embeddable":true,"href":"https:\/\/radiostudiow.com.br\/site\/wp-json\/wp\/v2\/users\/2"}],"replies":[{"embeddable":true,"href":"https:\/\/radiostudiow.com.br\/site\/wp-json\/wp\/v2\/comments?post=44153"}],"version-history":[{"count":1,"href":"https:\/\/radiostudiow.com.br\/site\/wp-json\/wp\/v2\/posts\/44153\/revisions"}],"predecessor-version":[{"id":44155,"href":"https:\/\/radiostudiow.com.br\/site\/wp-json\/wp\/v2\/posts\/44153\/revisions\/44155"}],"wp:featuredmedia":[{"embeddable":true,"href":"https:\/\/radiostudiow.com.br\/site\/wp-json\/wp\/v2\/media\/44154"}],"wp:attachment":[{"href":"https:\/\/radiostudiow.com.br\/site\/wp-json\/wp\/v2\/media?parent=44153"}],"wp:term":[{"taxonomy":"category","embeddable":true,"href":"https:\/\/radiostudiow.com.br\/site\/wp-json\/wp\/v2\/categories?post=44153"},{"taxonomy":"post_tag","embeddable":true,"href":"https:\/\/radiostudiow.com.br\/site\/wp-json\/wp\/v2\/tags?post=44153"}],"curies":[{"name":"wp","href":"https:\/\/api.w.org\/{rel}","templated":true}]}}