{"id":44160,"date":"2025-10-29T09:29:41","date_gmt":"2025-10-29T12:29:41","guid":{"rendered":"https:\/\/radiostudiow.com.br\/site\/?p=44160"},"modified":"2025-10-29T10:04:26","modified_gmt":"2025-10-29T13:04:26","slug":"policia-militar-prende-homem-pelo-crime-de-furto-qualificado-e-dano-em-uniao-da-vitoria","status":"publish","type":"post","link":"https:\/\/radiostudiow.com.br\/site\/2025\/10\/29\/policia-militar-prende-homem-pelo-crime-de-furto-qualificado-e-dano-em-uniao-da-vitoria\/","title":{"rendered":"V\u00cdDEO: Pol\u00edcia Militar prende homem pelo crime de furto qualificado e dano em Uni\u00e3o da Vit\u00f3ria"},"content":{"rendered":"\n<figure class=\"wp-block-image size-full\"><img loading=\"lazy\" decoding=\"async\" width=\"731\" height=\"204\" src=\"https:\/\/radiostudiow.com.br\/site\/wp-content\/uploads\/2025\/10\/ZAIONS.png\" alt=\"\" class=\"wp-image-44147\" srcset=\"https:\/\/radiostudiow.com.br\/site\/wp-content\/uploads\/2025\/10\/ZAIONS.png 731w, https:\/\/radiostudiow.com.br\/site\/wp-content\/uploads\/2025\/10\/ZAIONS-300x84.png 300w\" sizes=\"auto, (max-width: 731px) 100vw, 731px\" \/><\/figure>\n\n\n\n<p>A equipe da Policial Militar de Uni\u00e3o da Vit\u00f3ria recebeu informa\u00e7\u00f5es de que um homem teria feito v\u00e1rios arrombamentos e furtos em lojas na \u00e1rea central da cidade e arredores por volta das 10 horas dessa ter\u00e7a-feira (28).<\/p>\n\n\n\n<p>Os policiais verificaram as imagens de c\u00e2meras de seguran\u00e7a disponibilizados pelos comerciantes no<br>grupo de intera\u00e7\u00e3o com a PM, para tentar identificar o autor e \u00edniciado as dilig\u00eancias.<\/p>\n\n\n\n<p>Foi obtido \u00eaxito em encontrar o autor, onde o mesmo j\u00e1 possui v\u00e1rias passagens pelo mesmo modo operandis sendo ent\u00e3o dado voz de pris\u00e3o ao autor e encaminhado at\u00e9 a 4\u00aa SDP para as provid\u00eancias.<\/p>\n\n\n\n<figure class=\"wp-block-image size-full\"><img decoding=\"async\" src=\"https:\/\/radiostudiow.com.br\/site\/wp-content\/uploads\/2025\/10\/SUPREMA-BARBA.png\" alt=\"\" class=\"wp-image-44123\"\/><\/figure>\n\n\n\n<figure class=\"wp-block-video\"><video height=\"864\" style=\"aspect-ratio: 480 \/ 864;\" width=\"480\" controls src=\"https:\/\/radiostudiow.com.br\/site\/wp-content\/uploads\/2025\/10\/WhatsApp-Video-2025-10-29-at-09.42.14.mp4\"><\/video><\/figure>\n","protected":false},"excerpt":{"rendered":"<p>A equipe da Policial Militar de Uni\u00e3o da Vit\u00f3ria recebeu informa\u00e7\u00f5es de que um homem teria feito v\u00e1rios arrombamentos e furtos em lojas na \u00e1rea central da cidade e arredores por volta das 10 horas dessa ter\u00e7a-feira (28). Os policiais verificaram as imagens de c\u00e2meras de seguran\u00e7a disponibilizados pelos comerciantes nogrupo de intera\u00e7\u00e3o com a [&hellip;]<\/p>\n","protected":false},"author":2,"featured_media":44168,"comment_status":"open","ping_status":"open","sticky":false,"template":"","format":"video","meta":{"footnotes":""},"categories":[2],"tags":[172],"class_list":["post-44160","post","type-post","status-publish","format-video","has-post-thumbnail","hentry","category-policial","tag-featured","post_format-post-format-video"],"amp_enabled":true,"_links":{"self":[{"href":"https:\/\/radiostudiow.com.br\/site\/wp-json\/wp\/v2\/posts\/44160","targetHints":{"allow":["GET"]}}],"collection":[{"href":"https:\/\/radiostudiow.com.br\/site\/wp-json\/wp\/v2\/posts"}],"about":[{"href":"https:\/\/radiostudiow.com.br\/site\/wp-json\/wp\/v2\/types\/post"}],"author":[{"embeddable":true,"href":"https:\/\/radiostudiow.com.br\/site\/wp-json\/wp\/v2\/users\/2"}],"replies":[{"embeddable":true,"href":"https:\/\/radiostudiow.com.br\/site\/wp-json\/wp\/v2\/comments?post=44160"}],"version-history":[{"count":2,"href":"https:\/\/radiostudiow.com.br\/site\/wp-json\/wp\/v2\/posts\/44160\/revisions"}],"predecessor-version":[{"id":44169,"href":"https:\/\/radiostudiow.com.br\/site\/wp-json\/wp\/v2\/posts\/44160\/revisions\/44169"}],"wp:featuredmedia":[{"embeddable":true,"href":"https:\/\/radiostudiow.com.br\/site\/wp-json\/wp\/v2\/media\/44168"}],"wp:attachment":[{"href":"https:\/\/radiostudiow.com.br\/site\/wp-json\/wp\/v2\/media?parent=44160"}],"wp:term":[{"taxonomy":"category","embeddable":true,"href":"https:\/\/radiostudiow.com.br\/site\/wp-json\/wp\/v2\/categories?post=44160"},{"taxonomy":"post_tag","embeddable":true,"href":"https:\/\/radiostudiow.com.br\/site\/wp-json\/wp\/v2\/tags?post=44160"}],"curies":[{"name":"wp","href":"https:\/\/api.w.org\/{rel}","templated":true}]}}