{"id":44178,"date":"2025-10-29T18:39:35","date_gmt":"2025-10-29T21:39:35","guid":{"rendered":"https:\/\/radiostudiow.com.br\/site\/?p=44178"},"modified":"2025-10-29T18:39:35","modified_gmt":"2025-10-29T21:39:35","slug":"policia-militar-localiza-criancas-desaparecidas-e-cumpre-mandado-de-prisao-em-porto-uniao","status":"publish","type":"post","link":"https:\/\/radiostudiow.com.br\/site\/2025\/10\/29\/policia-militar-localiza-criancas-desaparecidas-e-cumpre-mandado-de-prisao-em-porto-uniao\/","title":{"rendered":"Pol\u00edcia Militar localiza crian\u00e7as desaparecidas e cumpre mandado de pris\u00e3o em Porto Uni\u00e3o"},"content":{"rendered":"\n<figure class=\"wp-block-image size-full\"><img loading=\"lazy\" decoding=\"async\" width=\"897\" height=\"204\" src=\"https:\/\/radiostudiow.com.br\/site\/wp-content\/uploads\/2025\/05\/NUTRI-MALLET.png\" alt=\"\" class=\"wp-image-37813\" srcset=\"https:\/\/radiostudiow.com.br\/site\/wp-content\/uploads\/2025\/05\/NUTRI-MALLET.png 897w, https:\/\/radiostudiow.com.br\/site\/wp-content\/uploads\/2025\/05\/NUTRI-MALLET-300x68.png 300w, https:\/\/radiostudiow.com.br\/site\/wp-content\/uploads\/2025\/05\/NUTRI-MALLET-768x175.png 768w\" sizes=\"auto, (max-width: 897px) 100vw, 897px\" \/><\/figure>\n\n\n\n<p>Nas \u00faltimas horas, a Pol\u00edcia Militar de Santa Catarina, com sede em Porto Uni\u00e3o, atendeu a duas ocorr\u00eancias distintas no munic\u00edpio.<\/p>\n\n\n\n<p>A primeira delas envolveu o desaparecimento de duas crian\u00e7as, de tr\u00eas e cinco anos, no bairro Vila Verde. Segundo informa\u00e7\u00f5es, as crian\u00e7as se afastaram de casa enquanto brincavam.<\/p>\n\n\n\n<p>Ap\u00f3s buscas, a PM foi informada de que um comerciante havia encontrado as meninas e as levado at\u00e9 a m\u00e3e. Ambas foram entregues \u00e0s respons\u00e1veis, sem maiores incidentes.<\/p>\n\n\n\n<figure class=\"wp-block-image size-full\"><img loading=\"lazy\" decoding=\"async\" width=\"598\" height=\"204\" src=\"https:\/\/radiostudiow.com.br\/site\/wp-content\/uploads\/2025\/05\/POLAK.png\" alt=\"\" class=\"wp-image-37847\" srcset=\"https:\/\/radiostudiow.com.br\/site\/wp-content\/uploads\/2025\/05\/POLAK.png 598w, https:\/\/radiostudiow.com.br\/site\/wp-content\/uploads\/2025\/05\/POLAK-300x102.png 300w\" sizes=\"auto, (max-width: 598px) 100vw, 598px\" \/><\/figure>\n\n\n\n<p><br>Em outra a\u00e7\u00e3o, a Pol\u00edcia Militar cumpriu um mandado de pris\u00e3o no bairro Santa Rosa. Em apoio ao policiamento velado, os policiais abordaram um homem com mandado expedido pela Comarca de Porto Uni\u00e3o.<\/p>\n\n\n\n<p class=\"has-text-align-center\">O indiv\u00edduo foi detido sem resist\u00eancia e encaminhado ao pres\u00eddio local.<br><em>Da reda\u00e7\u00e3o Assis O Rep\u00f3rter \/ 2\u00aa CIA PMPU<\/em><\/p>\n","protected":false},"excerpt":{"rendered":"<p>Nas \u00faltimas horas, a Pol\u00edcia Militar de Santa Catarina, com sede em Porto Uni\u00e3o, atendeu a duas ocorr\u00eancias distintas no munic\u00edpio. A primeira delas envolveu o desaparecimento de duas crian\u00e7as, de tr\u00eas e cinco anos, no bairro Vila Verde. Segundo informa\u00e7\u00f5es, as crian\u00e7as se afastaram de casa enquanto brincavam. Ap\u00f3s buscas, a PM foi informada [&hellip;]<\/p>\n","protected":false},"author":2,"featured_media":44180,"comment_status":"open","ping_status":"open","sticky":false,"template":"","format":"standard","meta":{"footnotes":""},"categories":[2],"tags":[172],"class_list":["post-44178","post","type-post","status-publish","format-standard","has-post-thumbnail","hentry","category-policial","tag-featured"],"amp_enabled":true,"_links":{"self":[{"href":"https:\/\/radiostudiow.com.br\/site\/wp-json\/wp\/v2\/posts\/44178","targetHints":{"allow":["GET"]}}],"collection":[{"href":"https:\/\/radiostudiow.com.br\/site\/wp-json\/wp\/v2\/posts"}],"about":[{"href":"https:\/\/radiostudiow.com.br\/site\/wp-json\/wp\/v2\/types\/post"}],"author":[{"embeddable":true,"href":"https:\/\/radiostudiow.com.br\/site\/wp-json\/wp\/v2\/users\/2"}],"replies":[{"embeddable":true,"href":"https:\/\/radiostudiow.com.br\/site\/wp-json\/wp\/v2\/comments?post=44178"}],"version-history":[{"count":3,"href":"https:\/\/radiostudiow.com.br\/site\/wp-json\/wp\/v2\/posts\/44178\/revisions"}],"predecessor-version":[{"id":44185,"href":"https:\/\/radiostudiow.com.br\/site\/wp-json\/wp\/v2\/posts\/44178\/revisions\/44185"}],"wp:featuredmedia":[{"embeddable":true,"href":"https:\/\/radiostudiow.com.br\/site\/wp-json\/wp\/v2\/media\/44180"}],"wp:attachment":[{"href":"https:\/\/radiostudiow.com.br\/site\/wp-json\/wp\/v2\/media?parent=44178"}],"wp:term":[{"taxonomy":"category","embeddable":true,"href":"https:\/\/radiostudiow.com.br\/site\/wp-json\/wp\/v2\/categories?post=44178"},{"taxonomy":"post_tag","embeddable":true,"href":"https:\/\/radiostudiow.com.br\/site\/wp-json\/wp\/v2\/tags?post=44178"}],"curies":[{"name":"wp","href":"https:\/\/api.w.org\/{rel}","templated":true}]}}