{"id":44200,"date":"2025-10-30T11:45:23","date_gmt":"2025-10-30T14:45:23","guid":{"rendered":"https:\/\/radiostudiow.com.br\/site\/?p=44200"},"modified":"2025-10-30T11:45:24","modified_gmt":"2025-10-30T14:45:24","slug":"policia-militar-prende-homem-pelo-crime-de-trafico-de-drogas-em-general-carneiro","status":"publish","type":"post","link":"https:\/\/radiostudiow.com.br\/site\/2025\/10\/30\/policia-militar-prende-homem-pelo-crime-de-trafico-de-drogas-em-general-carneiro\/","title":{"rendered":"Pol\u00edcia Militar prende homem pelo crime de tr\u00e1fico de drogas em General Carneiro"},"content":{"rendered":"\n<figure class=\"wp-block-image size-full\"><img loading=\"lazy\" decoding=\"async\" width=\"598\" height=\"204\" src=\"https:\/\/radiostudiow.com.br\/site\/wp-content\/uploads\/2025\/04\/BOROX.png\" alt=\"\" class=\"wp-image-37229\" srcset=\"https:\/\/radiostudiow.com.br\/site\/wp-content\/uploads\/2025\/04\/BOROX.png 598w, https:\/\/radiostudiow.com.br\/site\/wp-content\/uploads\/2025\/04\/BOROX-300x102.png 300w\" sizes=\"auto, (max-width: 598px) 100vw, 598px\" \/><\/figure>\n\n\n\n<p>Durante patrulhamento da equipe da Pol\u00edcia Militar no bairro S\u00e3o Jo\u00e3o em General Carneiro por volta das 21h30min dessa quarta+feira, 29 de outubro, visualizou um homem em via publica, que ao notar a presen\u00e7a da viatura tentou se afastar e dispensou um objeto ao solo.<\/p>\n\n\n\n<p>De imediato foi realizado a abordagem e foi constatado que o item continha pequena quantidade de<br>subst\u00e2ncia semelhante \u00e0 maconha.<\/p>\n\n\n\n<figure class=\"wp-block-image size-full\"><img loading=\"lazy\" decoding=\"async\" width=\"300\" height=\"180\" src=\"https:\/\/radiostudiow.com.br\/site\/wp-content\/uploads\/2025\/04\/AGRODU.png\" alt=\"\" class=\"wp-image-37219\"\/><\/figure>\n\n\n\n<p>A equipe se deslocou at\u00e9 o endere\u00e7o informado, onde encontrou outro homem em via p\u00fablica, com autoriza\u00e7\u00e3o do morador, foi realizada busca em sua resid\u00eancia, resultando na apreens\u00e3o de uma quantidade significativa de subst\u00e2ncia com caracter\u00edsticas de maconha.<\/p>\n\n\n\n<p>Diante dos fatos o suspeito foi detido e encaminhado \u00e0 autoridade policial para os devidos procedimentos legais.<\/p>\n","protected":false},"excerpt":{"rendered":"<p>Durante patrulhamento da equipe da Pol\u00edcia Militar no bairro S\u00e3o Jo\u00e3o em General Carneiro por volta das 21h30min dessa quarta+feira, 29 de outubro, visualizou um homem em via publica, que ao notar a presen\u00e7a da viatura tentou se afastar e dispensou um objeto ao solo. De imediato foi realizado a abordagem e foi constatado que [&hellip;]<\/p>\n","protected":false},"author":2,"featured_media":44202,"comment_status":"open","ping_status":"open","sticky":false,"template":"","format":"standard","meta":{"footnotes":""},"categories":[2],"tags":[172],"class_list":["post-44200","post","type-post","status-publish","format-standard","has-post-thumbnail","hentry","category-policial","tag-featured"],"amp_enabled":true,"_links":{"self":[{"href":"https:\/\/radiostudiow.com.br\/site\/wp-json\/wp\/v2\/posts\/44200","targetHints":{"allow":["GET"]}}],"collection":[{"href":"https:\/\/radiostudiow.com.br\/site\/wp-json\/wp\/v2\/posts"}],"about":[{"href":"https:\/\/radiostudiow.com.br\/site\/wp-json\/wp\/v2\/types\/post"}],"author":[{"embeddable":true,"href":"https:\/\/radiostudiow.com.br\/site\/wp-json\/wp\/v2\/users\/2"}],"replies":[{"embeddable":true,"href":"https:\/\/radiostudiow.com.br\/site\/wp-json\/wp\/v2\/comments?post=44200"}],"version-history":[{"count":2,"href":"https:\/\/radiostudiow.com.br\/site\/wp-json\/wp\/v2\/posts\/44200\/revisions"}],"predecessor-version":[{"id":44205,"href":"https:\/\/radiostudiow.com.br\/site\/wp-json\/wp\/v2\/posts\/44200\/revisions\/44205"}],"wp:featuredmedia":[{"embeddable":true,"href":"https:\/\/radiostudiow.com.br\/site\/wp-json\/wp\/v2\/media\/44202"}],"wp:attachment":[{"href":"https:\/\/radiostudiow.com.br\/site\/wp-json\/wp\/v2\/media?parent=44200"}],"wp:term":[{"taxonomy":"category","embeddable":true,"href":"https:\/\/radiostudiow.com.br\/site\/wp-json\/wp\/v2\/categories?post=44200"},{"taxonomy":"post_tag","embeddable":true,"href":"https:\/\/radiostudiow.com.br\/site\/wp-json\/wp\/v2\/tags?post=44200"}],"curies":[{"name":"wp","href":"https:\/\/api.w.org\/{rel}","templated":true}]}}