{"id":44207,"date":"2025-10-30T17:36:12","date_gmt":"2025-10-30T20:36:12","guid":{"rendered":"https:\/\/radiostudiow.com.br\/site\/?p=44207"},"modified":"2025-10-30T17:36:13","modified_gmt":"2025-10-30T20:36:13","slug":"prf-intensifica-fiscalizacao-de-excesso-de-velocidade-na-br-277-em-guarapuava","status":"publish","type":"post","link":"https:\/\/radiostudiow.com.br\/site\/2025\/10\/30\/prf-intensifica-fiscalizacao-de-excesso-de-velocidade-na-br-277-em-guarapuava\/","title":{"rendered":"PRF intensifica fiscaliza\u00e7\u00e3o de excesso de velocidade na BR-277 em Guarapuava"},"content":{"rendered":"\n<figure class=\"wp-block-image size-full\"><img loading=\"lazy\" decoding=\"async\" width=\"897\" height=\"204\" src=\"https:\/\/radiostudiow.com.br\/site\/wp-content\/uploads\/2025\/05\/NUTRI-MALLET.png\" alt=\"\" class=\"wp-image-37813\" srcset=\"https:\/\/radiostudiow.com.br\/site\/wp-content\/uploads\/2025\/05\/NUTRI-MALLET.png 897w, https:\/\/radiostudiow.com.br\/site\/wp-content\/uploads\/2025\/05\/NUTRI-MALLET-300x68.png 300w, https:\/\/radiostudiow.com.br\/site\/wp-content\/uploads\/2025\/05\/NUTRI-MALLET-768x175.png 768w\" sizes=\"auto, (max-width: 897px) 100vw, 897px\" \/><\/figure>\n\n\n\n<p class=\"has-text-align-center\"><em>Velocidades acima de 150 km\/h foram flagradas durante opera\u00e7\u00e3o<\/em><\/p>\n\n\n\n<p>A Pol\u00edcia Rodovi\u00e1ria Federal (PRF) intensificou, nesta quinta-feira (30), as fiscaliza\u00e7\u00f5es de velocidade na BR-277, no trecho sob circunscri\u00e7\u00e3o da Delegacia da PRF em Guarapuava. A a\u00e7\u00e3o tem como objetivo coibir o excesso de velocidade, uma das principais causas de acidentes graves e de mortes no tr\u00e2nsito.<\/p>\n\n\n\n<p>Durante a opera\u00e7\u00e3o, realizada com o uso de radar port\u00e1til, foram registradas 35 imagens de ve\u00edculos trafegando acima do limite permitido, sendo que alguns motoristas foram flagrados a mais de 150 km\/h, em trechos em que a velocidade m\u00e1xima \u00e9 de 110 km\/h. Situa\u00e7\u00f5es como essas representam alto risco \u00e0 seguran\u00e7a vi\u00e1ria e colocam em perigo tanto os condutores infratores quanto os demais usu\u00e1rios da rodovia.<\/p>\n\n\n\n<figure class=\"wp-block-image size-full\"><img loading=\"lazy\" decoding=\"async\" width=\"598\" height=\"204\" src=\"https:\/\/radiostudiow.com.br\/site\/wp-content\/uploads\/2024\/10\/labirati.png\" alt=\"\" class=\"wp-image-28854\" srcset=\"https:\/\/radiostudiow.com.br\/site\/wp-content\/uploads\/2024\/10\/labirati.png 598w, https:\/\/radiostudiow.com.br\/site\/wp-content\/uploads\/2024\/10\/labirati-300x102.png 300w\" sizes=\"auto, (max-width: 598px) 100vw, 598px\" \/><\/figure>\n\n\n\n<p>A PRF refor\u00e7a que dirigir em alta velocidade reduz o tempo de rea\u00e7\u00e3o do motorista e potencializa a gravidade dos acidentes. Al\u00e9m disso, o excesso de velocidade \u00e9 uma infra\u00e7\u00e3o grav\u00edssima, sujeita \u00e0 multa e, em casos mais graves, \u00e0 suspens\u00e3o do direito de dirigir.<\/p>\n\n\n\n<p>A Pol\u00edcia Rodovi\u00e1ria Federal segue atuando de forma preventiva e educativa, orientando os condutores a respeitarem os limites de velocidade e adotarem uma condu\u00e7\u00e3o respons\u00e1vel.<\/p>\n\n\n\n<p class=\"has-text-align-center\"><em>Informa\u00e7\u00f5es e Imagem PRF \/ Colabora\u00e7\u00e3o Rep\u00f3rter Kiko de Oliveira<\/em><\/p>\n","protected":false},"excerpt":{"rendered":"<p>Velocidades acima de 150 km\/h foram flagradas durante opera\u00e7\u00e3o A Pol\u00edcia Rodovi\u00e1ria Federal (PRF) intensificou, nesta quinta-feira (30), as fiscaliza\u00e7\u00f5es de velocidade na BR-277, no trecho sob circunscri\u00e7\u00e3o da Delegacia da PRF em Guarapuava. A a\u00e7\u00e3o tem como objetivo coibir o excesso de velocidade, uma das principais causas de acidentes graves e de mortes no [&hellip;]<\/p>\n","protected":false},"author":2,"featured_media":44208,"comment_status":"open","ping_status":"open","sticky":false,"template":"","format":"standard","meta":{"footnotes":""},"categories":[2],"tags":[172],"class_list":["post-44207","post","type-post","status-publish","format-standard","has-post-thumbnail","hentry","category-policial","tag-featured"],"amp_enabled":true,"_links":{"self":[{"href":"https:\/\/radiostudiow.com.br\/site\/wp-json\/wp\/v2\/posts\/44207","targetHints":{"allow":["GET"]}}],"collection":[{"href":"https:\/\/radiostudiow.com.br\/site\/wp-json\/wp\/v2\/posts"}],"about":[{"href":"https:\/\/radiostudiow.com.br\/site\/wp-json\/wp\/v2\/types\/post"}],"author":[{"embeddable":true,"href":"https:\/\/radiostudiow.com.br\/site\/wp-json\/wp\/v2\/users\/2"}],"replies":[{"embeddable":true,"href":"https:\/\/radiostudiow.com.br\/site\/wp-json\/wp\/v2\/comments?post=44207"}],"version-history":[{"count":1,"href":"https:\/\/radiostudiow.com.br\/site\/wp-json\/wp\/v2\/posts\/44207\/revisions"}],"predecessor-version":[{"id":44209,"href":"https:\/\/radiostudiow.com.br\/site\/wp-json\/wp\/v2\/posts\/44207\/revisions\/44209"}],"wp:featuredmedia":[{"embeddable":true,"href":"https:\/\/radiostudiow.com.br\/site\/wp-json\/wp\/v2\/media\/44208"}],"wp:attachment":[{"href":"https:\/\/radiostudiow.com.br\/site\/wp-json\/wp\/v2\/media?parent=44207"}],"wp:term":[{"taxonomy":"category","embeddable":true,"href":"https:\/\/radiostudiow.com.br\/site\/wp-json\/wp\/v2\/categories?post=44207"},{"taxonomy":"post_tag","embeddable":true,"href":"https:\/\/radiostudiow.com.br\/site\/wp-json\/wp\/v2\/tags?post=44207"}],"curies":[{"name":"wp","href":"https:\/\/api.w.org\/{rel}","templated":true}]}}