{"id":44225,"date":"2025-10-30T18:11:44","date_gmt":"2025-10-30T21:11:44","guid":{"rendered":"https:\/\/radiostudiow.com.br\/site\/?p=44225"},"modified":"2025-10-30T18:11:44","modified_gmt":"2025-10-30T21:11:44","slug":"assembleia-legislativa-reforca-pedido-de-prioridade-para-duplicacao-da-br-277-na-serra-da-esperanca","status":"publish","type":"post","link":"https:\/\/radiostudiow.com.br\/site\/2025\/10\/30\/assembleia-legislativa-reforca-pedido-de-prioridade-para-duplicacao-da-br-277-na-serra-da-esperanca\/","title":{"rendered":"Assembleia Legislativa refor\u00e7a pedido de prioridade para duplica\u00e7\u00e3o da BR-277 na Serra da Esperan\u00e7a"},"content":{"rendered":"\n<p>A&nbsp;deputada estadual Cristina Silvestri (PP) participou, nesta ter\u00e7a-feira (28), de uma reuni\u00e3o com o presidente da EPR, Marcos de Oliveira Moreira, na Assembleia Legislativa do Paran\u00e1, para refor\u00e7ar o pedido de prioridade nas obras de duplica\u00e7\u00e3o da BR-277 no trecho da Serra da Esperan\u00e7a. O encontro foi convocado pelo presidente da Casa, Alexandre Curi (PSD), e tamb\u00e9m contou com a presen\u00e7a do deputado Fabio Oliveira (Podemos).<\/p>\n\n\n\n<p><strong><em>\u201cEstamos avan\u00e7ando na busca pela antecipa\u00e7\u00e3o das obras, que pelo contrato atual est\u00e3o previstas apenas para 2030\u201d<\/em><\/strong><em>, disse a deputada Cristina.<\/em> A parlamentar apresentou a Moreira um projeto de duplica\u00e7\u00e3o elaborado h\u00e1 alguns anos, que pode ser atualizado e utilizado pela concession\u00e1ria.<\/p>\n\n\n\n<figure class=\"wp-block-image size-full\"><img loading=\"lazy\" decoding=\"async\" width=\"598\" height=\"204\" src=\"https:\/\/radiostudiow.com.br\/site\/wp-content\/uploads\/2025\/05\/POLAK.png\" alt=\"\" class=\"wp-image-37847\" srcset=\"https:\/\/radiostudiow.com.br\/site\/wp-content\/uploads\/2025\/05\/POLAK.png 598w, https:\/\/radiostudiow.com.br\/site\/wp-content\/uploads\/2025\/05\/POLAK-300x102.png 300w\" sizes=\"auto, (max-width: 598px) 100vw, 598px\" \/><\/figure>\n\n\n\n<p>O presidente da EPR agradeceu a contribui\u00e7\u00e3o e sugeriu que o pedido de antecipa\u00e7\u00e3o das obras seja formalizado para avalia\u00e7\u00e3o t\u00e9cnica da concession\u00e1ria. Segundo ele, h\u00e1 possibilidade de execu\u00e7\u00e3o das obras antes do prazo previsto, por meio de aditivo contratual. <strong><em>\u201cSaio desta reuni\u00e3o otimista. H\u00e1 disposi\u00e7\u00e3o da EPR em dialogar e buscar solu\u00e7\u00f5es que atendam a urg\u00eancia da nossa popula\u00e7\u00e3o. Estamos avan\u00e7ando e vamos continuar acompanhando de perto cada etapa desse processo\u201d<\/em><\/strong><em>, afirmou Cristina Silvestri.<\/em><\/p>\n\n\n\n<p><strong>Pedido hist\u00f3rico<\/strong><\/p>\n\n\n\n<p>O trecho da Serra da Esperan\u00e7a, entre os munic\u00edpios de Guarapuava e Prudent\u00f3polis, \u00e9 importante para o escoamento da produ\u00e7\u00e3o e para o tr\u00e1fego de ve\u00edculos de passeio e concentra alto \u00edndice de acidentes e risco de deslizamentos. <strong><em>\u201cA duplica\u00e7\u00e3o deste trecho \u00e9 uma quest\u00e3o urgente de seguran\u00e7a e de desenvolvimento, um pedido hist\u00f3rico da nossa regi\u00e3o, que n\u00e3o pode mais esperar\u201d<\/em><\/strong><em>, lembrou a deputada Cristina.<\/em><\/p>\n\n\n\n<figure class=\"wp-block-image size-full\"><img loading=\"lazy\" decoding=\"async\" width=\"300\" height=\"180\" src=\"https:\/\/radiostudiow.com.br\/site\/wp-content\/uploads\/2025\/04\/AGRODU.png\" alt=\"\" class=\"wp-image-37219\"\/><\/figure>\n\n\n\n<p>A parlamentar tamb\u00e9m ressaltou que a regi\u00e3o foi duramente prejudicada no contrato anterior de ped\u00e1gio, com promessas que n\u00e3o se concretizaram. <strong><em>\u201cDiversos trechos da BR-277 j\u00e1 foram duplicados, mas este, que \u00e9 o mais perigoso, acabou ficando para o fim do cronograma. Guarapuava e toda a regi\u00e3o ficaram de fora das entregas anteriores. Agora, precisamos garantir que o novo modelo de concess\u00e3o traga resultados reais e mais r\u00e1pidos para quem utiliza a rodovia\u201d.<\/em><\/strong><\/p>\n\n\n\n<p>A deputada Cristina j\u00e1 havia pedido a antecipa\u00e7\u00e3o das obras durante a apresenta\u00e7\u00e3o do cronograma da EPR em Guarapuava e em audi\u00eancia p\u00fablica na Assembleia Legislativa.<\/p>\n","protected":false},"excerpt":{"rendered":"<p>A&nbsp;deputada estadual Cristina Silvestri (PP) participou, nesta ter\u00e7a-feira (28), de uma reuni\u00e3o com o presidente da EPR, Marcos de Oliveira Moreira, na Assembleia Legislativa do Paran\u00e1, para refor\u00e7ar o pedido de prioridade nas obras de duplica\u00e7\u00e3o da BR-277 no trecho da Serra da Esperan\u00e7a. O encontro foi convocado pelo presidente da Casa, Alexandre Curi (PSD), [&hellip;]<\/p>\n","protected":false},"author":2,"featured_media":44217,"comment_status":"open","ping_status":"open","sticky":false,"template":"","format":"standard","meta":{"footnotes":""},"categories":[7],"tags":[172],"class_list":["post-44225","post","type-post","status-publish","format-standard","has-post-thumbnail","hentry","category-geral","tag-featured"],"amp_enabled":true,"_links":{"self":[{"href":"https:\/\/radiostudiow.com.br\/site\/wp-json\/wp\/v2\/posts\/44225","targetHints":{"allow":["GET"]}}],"collection":[{"href":"https:\/\/radiostudiow.com.br\/site\/wp-json\/wp\/v2\/posts"}],"about":[{"href":"https:\/\/radiostudiow.com.br\/site\/wp-json\/wp\/v2\/types\/post"}],"author":[{"embeddable":true,"href":"https:\/\/radiostudiow.com.br\/site\/wp-json\/wp\/v2\/users\/2"}],"replies":[{"embeddable":true,"href":"https:\/\/radiostudiow.com.br\/site\/wp-json\/wp\/v2\/comments?post=44225"}],"version-history":[{"count":1,"href":"https:\/\/radiostudiow.com.br\/site\/wp-json\/wp\/v2\/posts\/44225\/revisions"}],"predecessor-version":[{"id":44226,"href":"https:\/\/radiostudiow.com.br\/site\/wp-json\/wp\/v2\/posts\/44225\/revisions\/44226"}],"wp:featuredmedia":[{"embeddable":true,"href":"https:\/\/radiostudiow.com.br\/site\/wp-json\/wp\/v2\/media\/44217"}],"wp:attachment":[{"href":"https:\/\/radiostudiow.com.br\/site\/wp-json\/wp\/v2\/media?parent=44225"}],"wp:term":[{"taxonomy":"category","embeddable":true,"href":"https:\/\/radiostudiow.com.br\/site\/wp-json\/wp\/v2\/categories?post=44225"},{"taxonomy":"post_tag","embeddable":true,"href":"https:\/\/radiostudiow.com.br\/site\/wp-json\/wp\/v2\/tags?post=44225"}],"curies":[{"name":"wp","href":"https:\/\/api.w.org\/{rel}","templated":true}]}}