{"id":44227,"date":"2025-10-30T18:14:13","date_gmt":"2025-10-30T21:14:13","guid":{"rendered":"https:\/\/radiostudiow.com.br\/site\/?p=44227"},"modified":"2025-10-30T18:14:14","modified_gmt":"2025-10-30T21:14:14","slug":"homem-e-preso-por-posse-irregular-de-arma-de-fogo-e-ameacas-em-inacio-martins","status":"publish","type":"post","link":"https:\/\/radiostudiow.com.br\/site\/2025\/10\/30\/homem-e-preso-por-posse-irregular-de-arma-de-fogo-e-ameacas-em-inacio-martins\/","title":{"rendered":"Homem \u00e9 preso por posse irregular de arma de fogo e amea\u00e7as em In\u00e1cio Martins"},"content":{"rendered":"\n<p>Na noite desta quarta-feira (29), por volta das 19h40, uma ocorr\u00eancia mobilizou a Pol\u00edcia Militar no bairro Curtume, em In\u00e1cio Martins.<\/p>\n\n\n\n<p>Um homem foi detido ap\u00f3s invadir a casa de uma vizinha, proferir ofensas, realizar um disparo de arma de fogo e amea\u00e7ar a v\u00edtima com um fac\u00e3o.<\/p>\n\n\n\n<figure class=\"wp-block-gallery has-nested-images columns-default is-cropped wp-block-gallery-1 is-layout-flex wp-block-gallery-is-layout-flex\">\n<figure class=\"wp-block-image size-large\"><img loading=\"lazy\" decoding=\"async\" width=\"1024\" height=\"614\" data-id=\"38784\" src=\"https:\/\/radiostudiow.com.br\/site\/wp-content\/uploads\/2025\/05\/5914fcac-c2b4-4795-a120-dc162c4a6466-1024x614.jpg\" alt=\"\" class=\"wp-image-38784\" srcset=\"https:\/\/radiostudiow.com.br\/site\/wp-content\/uploads\/2025\/05\/5914fcac-c2b4-4795-a120-dc162c4a6466-1024x614.jpg 1024w, https:\/\/radiostudiow.com.br\/site\/wp-content\/uploads\/2025\/05\/5914fcac-c2b4-4795-a120-dc162c4a6466-300x180.jpg 300w, https:\/\/radiostudiow.com.br\/site\/wp-content\/uploads\/2025\/05\/5914fcac-c2b4-4795-a120-dc162c4a6466-768x460.jpg 768w, https:\/\/radiostudiow.com.br\/site\/wp-content\/uploads\/2025\/05\/5914fcac-c2b4-4795-a120-dc162c4a6466-1536x921.jpg 1536w, https:\/\/radiostudiow.com.br\/site\/wp-content\/uploads\/2025\/05\/5914fcac-c2b4-4795-a120-dc162c4a6466-1000x600.jpg 1000w, https:\/\/radiostudiow.com.br\/site\/wp-content\/uploads\/2025\/05\/5914fcac-c2b4-4795-a120-dc162c4a6466-590x354.jpg 590w, https:\/\/radiostudiow.com.br\/site\/wp-content\/uploads\/2025\/05\/5914fcac-c2b4-4795-a120-dc162c4a6466-400x240.jpg 400w, https:\/\/radiostudiow.com.br\/site\/wp-content\/uploads\/2025\/05\/5914fcac-c2b4-4795-a120-dc162c4a6466.jpg 1600w\" sizes=\"auto, (max-width: 1024px) 100vw, 1024px\" \/><\/figure>\n\n\n\n<figure class=\"wp-block-image size-large\"><img loading=\"lazy\" decoding=\"async\" width=\"300\" height=\"180\" data-id=\"39582\" src=\"https:\/\/radiostudiow.com.br\/site\/wp-content\/uploads\/2025\/06\/PLAY-HALL.png\" alt=\"\" class=\"wp-image-39582\"\/><\/figure>\n<\/figure>\n\n\n\n<p>De acordo com informa\u00e7\u00f5es da PM, a solicitante relatou que o vizinho, aparentemente embriagado, entrou em sua resid\u00eancia sem permiss\u00e3o e passou a xing\u00e1-la. Em seguida, ele retornou para sua casa, de onde efetuou um disparo de espingarda em dire\u00e7\u00e3o \u00e0 moradia da v\u00edtima. Logo depois, ainda armado com um fac\u00e3o, voltou ao local para amea\u00e7\u00e1-la.<\/p>\n\n\n\n<p>Os policiais foram at\u00e9 a resid\u00eancia do suspeito e encontraram a porta entreaberta. Durante a aproxima\u00e7\u00e3o, avistaram o homem segurando uma espingarda e caminhando em dire\u00e7\u00e3o \u00e0 entrada. Ap\u00f3s ser dada voz de abordagem, ele obedeceu e colocou a arma no ch\u00e3o. A espingarda continha uma muni\u00e7\u00e3o intacta, que foi retirada pelos policiais.<\/p>\n\n\n\n<figure class=\"wp-block-image size-full\"><img loading=\"lazy\" decoding=\"async\" width=\"598\" height=\"204\" src=\"https:\/\/radiostudiow.com.br\/site\/wp-content\/uploads\/2025\/04\/BOROX.png\" alt=\"\" class=\"wp-image-37229\" srcset=\"https:\/\/radiostudiow.com.br\/site\/wp-content\/uploads\/2025\/04\/BOROX.png 598w, https:\/\/radiostudiow.com.br\/site\/wp-content\/uploads\/2025\/04\/BOROX-300x102.png 300w\" sizes=\"auto, (max-width: 598px) 100vw, 598px\" \/><\/figure>\n\n\n\n<p>Durante a revista pessoal, nada de il\u00edcito foi encontrado com o suspeito, que apresentava vis\u00edveis sinais de embriaguez. Ao ser questionado, ele afirmou possuir outra espingarda na casa. Contudo, durante as buscas, os agentes localizaram mais quatro armas de fabrica\u00e7\u00e3o artesanal, totalizando cinco espingardas apreendidas.<\/p>\n\n\n\n<p>O homem, as armas e a muni\u00e7\u00e3o foram encaminhados \u00e0 Delegacia de Pol\u00edcia Civil de In\u00e1cio Martins para os procedimentos cab\u00edveis.<\/p>\n","protected":false},"excerpt":{"rendered":"<p>Na noite desta quarta-feira (29), por volta das 19h40, uma ocorr\u00eancia mobilizou a Pol\u00edcia Militar no bairro Curtume, em In\u00e1cio Martins. Um homem foi detido ap\u00f3s invadir a casa de uma vizinha, proferir ofensas, realizar um disparo de arma de fogo e amea\u00e7ar a v\u00edtima com um fac\u00e3o. De acordo com informa\u00e7\u00f5es da PM, a [&hellip;]<\/p>\n","protected":false},"author":2,"featured_media":44228,"comment_status":"open","ping_status":"open","sticky":false,"template":"","format":"standard","meta":{"footnotes":""},"categories":[2],"tags":[172],"class_list":["post-44227","post","type-post","status-publish","format-standard","has-post-thumbnail","hentry","category-policial","tag-featured"],"amp_enabled":true,"_links":{"self":[{"href":"https:\/\/radiostudiow.com.br\/site\/wp-json\/wp\/v2\/posts\/44227","targetHints":{"allow":["GET"]}}],"collection":[{"href":"https:\/\/radiostudiow.com.br\/site\/wp-json\/wp\/v2\/posts"}],"about":[{"href":"https:\/\/radiostudiow.com.br\/site\/wp-json\/wp\/v2\/types\/post"}],"author":[{"embeddable":true,"href":"https:\/\/radiostudiow.com.br\/site\/wp-json\/wp\/v2\/users\/2"}],"replies":[{"embeddable":true,"href":"https:\/\/radiostudiow.com.br\/site\/wp-json\/wp\/v2\/comments?post=44227"}],"version-history":[{"count":1,"href":"https:\/\/radiostudiow.com.br\/site\/wp-json\/wp\/v2\/posts\/44227\/revisions"}],"predecessor-version":[{"id":44229,"href":"https:\/\/radiostudiow.com.br\/site\/wp-json\/wp\/v2\/posts\/44227\/revisions\/44229"}],"wp:featuredmedia":[{"embeddable":true,"href":"https:\/\/radiostudiow.com.br\/site\/wp-json\/wp\/v2\/media\/44228"}],"wp:attachment":[{"href":"https:\/\/radiostudiow.com.br\/site\/wp-json\/wp\/v2\/media?parent=44227"}],"wp:term":[{"taxonomy":"category","embeddable":true,"href":"https:\/\/radiostudiow.com.br\/site\/wp-json\/wp\/v2\/categories?post=44227"},{"taxonomy":"post_tag","embeddable":true,"href":"https:\/\/radiostudiow.com.br\/site\/wp-json\/wp\/v2\/tags?post=44227"}],"curies":[{"name":"wp","href":"https:\/\/api.w.org\/{rel}","templated":true}]}}