{"id":44240,"date":"2025-10-31T09:59:15","date_gmt":"2025-10-31T12:59:15","guid":{"rendered":"https:\/\/radiostudiow.com.br\/site\/?p=44240"},"modified":"2025-10-31T09:59:16","modified_gmt":"2025-10-31T12:59:16","slug":"policia-militar-de-uniao-da-vitoria-confecciona-termo-circunstanciado-por-posse-de-drogas","status":"publish","type":"post","link":"https:\/\/radiostudiow.com.br\/site\/2025\/10\/31\/policia-militar-de-uniao-da-vitoria-confecciona-termo-circunstanciado-por-posse-de-drogas\/","title":{"rendered":"Pol\u00edcia Militar de Uni\u00e3o da Vit\u00f3ria confecciona termo circunstanciado por posse de drogas"},"content":{"rendered":"\n<figure class=\"wp-block-image size-full\"><img loading=\"lazy\" decoding=\"async\" width=\"897\" height=\"204\" src=\"https:\/\/radiostudiow.com.br\/site\/wp-content\/uploads\/2025\/06\/BARROS.png\" alt=\"\" class=\"wp-image-39575\" srcset=\"https:\/\/radiostudiow.com.br\/site\/wp-content\/uploads\/2025\/06\/BARROS.png 897w, https:\/\/radiostudiow.com.br\/site\/wp-content\/uploads\/2025\/06\/BARROS-300x68.png 300w, https:\/\/radiostudiow.com.br\/site\/wp-content\/uploads\/2025\/06\/BARROS-768x175.png 768w\" sizes=\"auto, (max-width: 897px) 100vw, 897px\" \/><\/figure>\n\n\n\n<p>Durante patrulhamento Pol\u00edcia Militar na \u00e1rea central de Uni\u00e3o da Vit\u00f3ria, por volta das 21 horas dessa quinta-feira, 30 de outubro, visualizou um indiv\u00edduo pr\u00f3ximo a rodovi\u00e1ria,o qual ao avistar os policiais jogou algo de seu bolso e come\u00e7ou a correr.<\/p>\n\n\n\n<p>O suspeito foi alcan\u00e7ado e constatado que o objeto que havia dispensado se tratava de subst\u00e2ncia semelhante a maconha.<\/p>\n\n\n\n<p>Diante do contexto o masculino foi encaminhado at\u00e9 a sede do 27\u00b0 para confec\u00e7\u00e3o do termo circunst\u00e2nciado por posse de drogas, sendo posteriormente liberado.<\/p>\n\n\n\n<figure class=\"wp-block-image size-full\"><img loading=\"lazy\" decoding=\"async\" width=\"300\" height=\"180\" src=\"https:\/\/radiostudiow.com.br\/site\/wp-content\/uploads\/2025\/04\/AGRODU.png\" alt=\"\" class=\"wp-image-37219\"\/><\/figure>\n","protected":false},"excerpt":{"rendered":"<p>Durante patrulhamento Pol\u00edcia Militar na \u00e1rea central de Uni\u00e3o da Vit\u00f3ria, por volta das 21 horas dessa quinta-feira, 30 de outubro, visualizou um indiv\u00edduo pr\u00f3ximo a rodovi\u00e1ria,o qual ao avistar os policiais jogou algo de seu bolso e come\u00e7ou a correr. O suspeito foi alcan\u00e7ado e constatado que o objeto que havia dispensado se tratava [&hellip;]<\/p>\n","protected":false},"author":2,"featured_media":15416,"comment_status":"open","ping_status":"open","sticky":false,"template":"","format":"standard","meta":{"footnotes":""},"categories":[2],"tags":[172],"class_list":["post-44240","post","type-post","status-publish","format-standard","has-post-thumbnail","hentry","category-policial","tag-featured"],"amp_enabled":true,"_links":{"self":[{"href":"https:\/\/radiostudiow.com.br\/site\/wp-json\/wp\/v2\/posts\/44240","targetHints":{"allow":["GET"]}}],"collection":[{"href":"https:\/\/radiostudiow.com.br\/site\/wp-json\/wp\/v2\/posts"}],"about":[{"href":"https:\/\/radiostudiow.com.br\/site\/wp-json\/wp\/v2\/types\/post"}],"author":[{"embeddable":true,"href":"https:\/\/radiostudiow.com.br\/site\/wp-json\/wp\/v2\/users\/2"}],"replies":[{"embeddable":true,"href":"https:\/\/radiostudiow.com.br\/site\/wp-json\/wp\/v2\/comments?post=44240"}],"version-history":[{"count":1,"href":"https:\/\/radiostudiow.com.br\/site\/wp-json\/wp\/v2\/posts\/44240\/revisions"}],"predecessor-version":[{"id":44241,"href":"https:\/\/radiostudiow.com.br\/site\/wp-json\/wp\/v2\/posts\/44240\/revisions\/44241"}],"wp:featuredmedia":[{"embeddable":true,"href":"https:\/\/radiostudiow.com.br\/site\/wp-json\/wp\/v2\/media\/15416"}],"wp:attachment":[{"href":"https:\/\/radiostudiow.com.br\/site\/wp-json\/wp\/v2\/media?parent=44240"}],"wp:term":[{"taxonomy":"category","embeddable":true,"href":"https:\/\/radiostudiow.com.br\/site\/wp-json\/wp\/v2\/categories?post=44240"},{"taxonomy":"post_tag","embeddable":true,"href":"https:\/\/radiostudiow.com.br\/site\/wp-json\/wp\/v2\/tags?post=44240"}],"curies":[{"name":"wp","href":"https:\/\/api.w.org\/{rel}","templated":true}]}}