{"id":44242,"date":"2025-10-31T10:08:19","date_gmt":"2025-10-31T13:08:19","guid":{"rendered":"https:\/\/radiostudiow.com.br\/site\/?p=44242"},"modified":"2025-10-31T10:08:19","modified_gmt":"2025-10-31T13:08:19","slug":"policia-militar-de-general-carneiro-recupera-veiculo-furtado","status":"publish","type":"post","link":"https:\/\/radiostudiow.com.br\/site\/2025\/10\/31\/policia-militar-de-general-carneiro-recupera-veiculo-furtado\/","title":{"rendered":"Pol\u00edcia Militar de General Carneiro recupera ve\u00edculo furtado"},"content":{"rendered":"\n<figure class=\"wp-block-image size-full\"><img loading=\"lazy\" decoding=\"async\" width=\"897\" height=\"207\" src=\"https:\/\/radiostudiow.com.br\/site\/wp-content\/uploads\/2025\/07\/TIJOLAO.png\" alt=\"\" class=\"wp-image-40184\" srcset=\"https:\/\/radiostudiow.com.br\/site\/wp-content\/uploads\/2025\/07\/TIJOLAO.png 897w, https:\/\/radiostudiow.com.br\/site\/wp-content\/uploads\/2025\/07\/TIJOLAO-300x69.png 300w, https:\/\/radiostudiow.com.br\/site\/wp-content\/uploads\/2025\/07\/TIJOLAO-768x177.png 768w\" sizes=\"auto, (max-width: 897px) 100vw, 897px\" \/><\/figure>\n\n\n\n<p>A equipe da Pol\u00edcia Militar recebeu informa\u00e7\u00f5es de que um ve\u00edculo FIAT\/UNO foi furtado na cidade de Palmas e estaria transitando na Rodovia BR-153 sentido ao munic\u00edpio de General Carneiro por volta das 15h20min dessa quinta-feira (30).<\/p>\n\n\n\n<p>A equipe policial de  General Carneiro de imediato se deslocou para a rodovia e nas proximidades do Posto Meotti logrando \u00eaxito em localizar e abordar o ve\u00edculo.<\/p>\n\n\n\n<p>Ao condutor e ao passageiro foi dada voz de pris\u00e3o sendo encaminhados at\u00e9 a 4\u00aa SDP de Uni\u00e3o da Vit\u00f3ria para provid\u00eancias.<\/p>\n\n\n\n<figure class=\"wp-block-image size-full\"><img loading=\"lazy\" decoding=\"async\" width=\"300\" height=\"180\" src=\"https:\/\/radiostudiow.com.br\/site\/wp-content\/uploads\/2025\/05\/SITE-PEQUENO.jpg\" alt=\"\" class=\"wp-image-38684\"\/><\/figure>\n","protected":false},"excerpt":{"rendered":"<p>A equipe da Pol\u00edcia Militar recebeu informa\u00e7\u00f5es de que um ve\u00edculo FIAT\/UNO foi furtado na cidade de Palmas e estaria transitando na Rodovia BR-153 sentido ao munic\u00edpio de General Carneiro por volta das 15h20min dessa quinta-feira (30). A equipe policial de General Carneiro de imediato se deslocou para a rodovia e nas proximidades do Posto [&hellip;]<\/p>\n","protected":false},"author":2,"featured_media":32845,"comment_status":"open","ping_status":"open","sticky":false,"template":"","format":"standard","meta":{"footnotes":""},"categories":[2],"tags":[172],"class_list":["post-44242","post","type-post","status-publish","format-standard","has-post-thumbnail","hentry","category-policial","tag-featured"],"amp_enabled":true,"_links":{"self":[{"href":"https:\/\/radiostudiow.com.br\/site\/wp-json\/wp\/v2\/posts\/44242","targetHints":{"allow":["GET"]}}],"collection":[{"href":"https:\/\/radiostudiow.com.br\/site\/wp-json\/wp\/v2\/posts"}],"about":[{"href":"https:\/\/radiostudiow.com.br\/site\/wp-json\/wp\/v2\/types\/post"}],"author":[{"embeddable":true,"href":"https:\/\/radiostudiow.com.br\/site\/wp-json\/wp\/v2\/users\/2"}],"replies":[{"embeddable":true,"href":"https:\/\/radiostudiow.com.br\/site\/wp-json\/wp\/v2\/comments?post=44242"}],"version-history":[{"count":1,"href":"https:\/\/radiostudiow.com.br\/site\/wp-json\/wp\/v2\/posts\/44242\/revisions"}],"predecessor-version":[{"id":44243,"href":"https:\/\/radiostudiow.com.br\/site\/wp-json\/wp\/v2\/posts\/44242\/revisions\/44243"}],"wp:featuredmedia":[{"embeddable":true,"href":"https:\/\/radiostudiow.com.br\/site\/wp-json\/wp\/v2\/media\/32845"}],"wp:attachment":[{"href":"https:\/\/radiostudiow.com.br\/site\/wp-json\/wp\/v2\/media?parent=44242"}],"wp:term":[{"taxonomy":"category","embeddable":true,"href":"https:\/\/radiostudiow.com.br\/site\/wp-json\/wp\/v2\/categories?post=44242"},{"taxonomy":"post_tag","embeddable":true,"href":"https:\/\/radiostudiow.com.br\/site\/wp-json\/wp\/v2\/tags?post=44242"}],"curies":[{"name":"wp","href":"https:\/\/api.w.org\/{rel}","templated":true}]}}