{"id":44246,"date":"2025-10-31T10:30:01","date_gmt":"2025-10-31T13:30:01","guid":{"rendered":"https:\/\/radiostudiow.com.br\/site\/?p=44246"},"modified":"2025-10-31T10:56:35","modified_gmt":"2025-10-31T13:56:35","slug":"homem-e-preso-em-mallet-por-descumprir-medida-protetiva-e-ameacar-ex-companheira","status":"publish","type":"post","link":"https:\/\/radiostudiow.com.br\/site\/2025\/10\/31\/homem-e-preso-em-mallet-por-descumprir-medida-protetiva-e-ameacar-ex-companheira\/","title":{"rendered":"Homem \u00e9 preso em Mallet por descumprir medida protetiva e amea\u00e7ar ex-companheira"},"content":{"rendered":"\n<figure class=\"wp-block-image size-full\"><img loading=\"lazy\" decoding=\"async\" width=\"897\" height=\"204\" src=\"https:\/\/radiostudiow.com.br\/site\/wp-content\/uploads\/2025\/03\/BARAO-NOVO-NOTICIAS-1.jpg\" alt=\"\" class=\"wp-image-35084\" srcset=\"https:\/\/radiostudiow.com.br\/site\/wp-content\/uploads\/2025\/03\/BARAO-NOVO-NOTICIAS-1.jpg 897w, https:\/\/radiostudiow.com.br\/site\/wp-content\/uploads\/2025\/03\/BARAO-NOVO-NOTICIAS-1-300x68.jpg 300w, https:\/\/radiostudiow.com.br\/site\/wp-content\/uploads\/2025\/03\/BARAO-NOVO-NOTICIAS-1-768x175.jpg 768w\" sizes=\"auto, (max-width: 897px) 100vw, 897px\" \/><\/figure>\n\n\n\n<p>Na noite desta quinta-feira (30), por volta das 18h50, uma a\u00e7\u00e3o conjunta da Pol\u00edcia Militar e da Pol\u00edcia Civil de Mallet resultou na pris\u00e3o em flagrante de um homem acusado de descumprir uma medida protetiva de urg\u00eancia e amea\u00e7ar sua ex-companheira.<\/p>\n\n\n\n<p>De acordo com as informa\u00e7\u00f5es repassadas pela Pol\u00edcia Militar, o suspeito teria enviado diversas mensagens e v\u00eddeos \u00e0 v\u00edtima por meio do aplicativo WhatsApp, nas quais fazia amea\u00e7as e demonstrava estar circulando nas proximidades do local de trabalho dela.<\/p>\n\n\n\n<p>A mulher, que possui medida protetiva contra o homem, procurou a Delegacia de Pol\u00edcia Civil para registrar o descumprimento.<\/p>\n\n\n\n<p>Conforme relatou o delegado-chefe da 10\u00aa Delegacia Regional de Pol\u00edcia de Mallet, Dr. Donizete de Arruda Gordiano, enquanto a v\u00edtima prestava depoimento, o autor continuava enviando mensagens de teor amea\u00e7ador. Diante da situa\u00e7\u00e3o, as equipes da Pol\u00edcia Civil (PCPR) e da Pol\u00edcia Militar do 3\u00ba Pelot\u00e3o se mobilizaram imediatamente.<\/p>\n\n\n\n<figure class=\"wp-block-image size-full\"><img loading=\"lazy\" decoding=\"async\" width=\"897\" height=\"204\" src=\"https:\/\/radiostudiow.com.br\/site\/wp-content\/uploads\/2025\/03\/image-62.png\" alt=\"\" class=\"wp-image-35859\" srcset=\"https:\/\/radiostudiow.com.br\/site\/wp-content\/uploads\/2025\/03\/image-62.png 897w, https:\/\/radiostudiow.com.br\/site\/wp-content\/uploads\/2025\/03\/image-62-300x68.png 300w, https:\/\/radiostudiow.com.br\/site\/wp-content\/uploads\/2025\/03\/image-62-768x175.png 768w\" sizes=\"auto, (max-width: 897px) 100vw, 897px\" \/><\/figure>\n\n\n\n<p>Durante as dilig\u00eancias, os policiais localizaram o ve\u00edculo do suspeito na esquina da Avenida Jo\u00e3o Pessoa com a Rua Padre Pedro Proskiw, na entrada do Bairro Vila S\u00e3o Pedro.<\/p>\n\n\n\n<p>O homem foi abordado e preso em flagrante por descumprimento da medida protetiva.<\/p>\n\n\n\n<p>O ve\u00edculo foi recolhido ao Destacamento da Pol\u00edcia Militar (DPM) devido a pend\u00eancias administrativas, e o preso foi encaminhado \u00e0 Delegacia de Pol\u00edcia Civil de Mallet e na sequ\u00eancia levado ao Pres\u00eddio de Uni\u00e3o da Vit\u00f3ria para os devidos procedimentos legais.<\/p>\n\n\n\n<p>A Pol\u00edcia Civil segue acompanhando o caso.<\/p>\n\n\n\n<p class=\"has-text-align-center\"><em>Informa\u00e7\u00f5es 27\u00baBPM e 10\u00aa DRP de Mallet<br>Foto enviada por internautas.<\/em><\/p>\n\n\n\n<figure class=\"wp-block-image size-full\"><img loading=\"lazy\" decoding=\"async\" width=\"897\" height=\"204\" src=\"https:\/\/radiostudiow.com.br\/site\/wp-content\/uploads\/2025\/05\/NUTRI-MALLET.png\" alt=\"\" class=\"wp-image-37813\" srcset=\"https:\/\/radiostudiow.com.br\/site\/wp-content\/uploads\/2025\/05\/NUTRI-MALLET.png 897w, https:\/\/radiostudiow.com.br\/site\/wp-content\/uploads\/2025\/05\/NUTRI-MALLET-300x68.png 300w, https:\/\/radiostudiow.com.br\/site\/wp-content\/uploads\/2025\/05\/NUTRI-MALLET-768x175.png 768w\" sizes=\"auto, (max-width: 897px) 100vw, 897px\" \/><\/figure>\n","protected":false},"excerpt":{"rendered":"<p>Na noite desta quinta-feira (30), por volta das 18h50, uma a\u00e7\u00e3o conjunta da Pol\u00edcia Militar e da Pol\u00edcia Civil de Mallet resultou na pris\u00e3o em flagrante de um homem acusado de descumprir uma medida protetiva de urg\u00eancia e amea\u00e7ar sua ex-companheira. De acordo com as informa\u00e7\u00f5es repassadas pela Pol\u00edcia Militar, o suspeito teria enviado diversas [&hellip;]<\/p>\n","protected":false},"author":2,"featured_media":44247,"comment_status":"open","ping_status":"open","sticky":false,"template":"","format":"standard","meta":{"footnotes":""},"categories":[2],"tags":[172],"class_list":["post-44246","post","type-post","status-publish","format-standard","has-post-thumbnail","hentry","category-policial","tag-featured"],"amp_enabled":true,"_links":{"self":[{"href":"https:\/\/radiostudiow.com.br\/site\/wp-json\/wp\/v2\/posts\/44246","targetHints":{"allow":["GET"]}}],"collection":[{"href":"https:\/\/radiostudiow.com.br\/site\/wp-json\/wp\/v2\/posts"}],"about":[{"href":"https:\/\/radiostudiow.com.br\/site\/wp-json\/wp\/v2\/types\/post"}],"author":[{"embeddable":true,"href":"https:\/\/radiostudiow.com.br\/site\/wp-json\/wp\/v2\/users\/2"}],"replies":[{"embeddable":true,"href":"https:\/\/radiostudiow.com.br\/site\/wp-json\/wp\/v2\/comments?post=44246"}],"version-history":[{"count":2,"href":"https:\/\/radiostudiow.com.br\/site\/wp-json\/wp\/v2\/posts\/44246\/revisions"}],"predecessor-version":[{"id":44250,"href":"https:\/\/radiostudiow.com.br\/site\/wp-json\/wp\/v2\/posts\/44246\/revisions\/44250"}],"wp:featuredmedia":[{"embeddable":true,"href":"https:\/\/radiostudiow.com.br\/site\/wp-json\/wp\/v2\/media\/44247"}],"wp:attachment":[{"href":"https:\/\/radiostudiow.com.br\/site\/wp-json\/wp\/v2\/media?parent=44246"}],"wp:term":[{"taxonomy":"category","embeddable":true,"href":"https:\/\/radiostudiow.com.br\/site\/wp-json\/wp\/v2\/categories?post=44246"},{"taxonomy":"post_tag","embeddable":true,"href":"https:\/\/radiostudiow.com.br\/site\/wp-json\/wp\/v2\/tags?post=44246"}],"curies":[{"name":"wp","href":"https:\/\/api.w.org\/{rel}","templated":true}]}}