{"id":44257,"date":"2025-10-31T17:39:51","date_gmt":"2025-10-31T20:39:51","guid":{"rendered":"https:\/\/radiostudiow.com.br\/site\/?p=44257"},"modified":"2025-10-31T17:39:51","modified_gmt":"2025-10-31T20:39:51","slug":"juri-da-chacina-que-matou-cinco-pessoas-em-irati-comeca-na-segunda-feira","status":"publish","type":"post","link":"https:\/\/radiostudiow.com.br\/site\/2025\/10\/31\/juri-da-chacina-que-matou-cinco-pessoas-em-irati-comeca-na-segunda-feira\/","title":{"rendered":"J\u00fari da chacina que matou cinco pessoas em Irati come\u00e7a na segunda-feira"},"content":{"rendered":"\n<p>O\u00a0j\u00fari popular da chacina da Vila S\u00e3o Jo\u00e3o, crime que chocou Irati em\u00a016 de junho de 2022, ser\u00e1 realizado no\u00a0dia 4 de novembro, no\u00a0F\u00f3rum da Comarca de Irati. Est\u00e3o no banco dos r\u00e9us um\u00a0policial militar, sua\u00a0irm\u00e3\u00a0e o\u00a0cunhado, acusados de\u00a0participar do ataque que matou cinco pessoas\u00a0durante o feriado de Corpus Christi.<\/p>\n\n\n\n<p>Considerado um dos\u00a0julgamentos mais aguardados e complexos da hist\u00f3ria judicial da cidade, o caso exigir\u00e1\u00a0refor\u00e7o de seguran\u00e7a\u00a0e deve se estender por v\u00e1rios dias.<\/p>\n\n\n\n<p>De acordo com o\u00a0artigo 5\u00ba, inciso XXXVIII, da Constitui\u00e7\u00e3o Federal, os\u00a0crimes dolosos contra a vida\u00a0s\u00e3o julgados pelo\u00a0Tribunal do J\u00fari. A\u00a0sele\u00e7\u00e3o dos jurados\u00a0segue crit\u00e9rios rigorosos para garantir a\u00a0imparcialidade, e eles permanecer\u00e3o\u00a0incomunic\u00e1veis\u00a0durante as sess\u00f5es. O\u00a0Tribunal de Justi\u00e7a do Paran\u00e1 (TJPR)\u00a0far\u00e1 a\u00a0transmiss\u00e3o ao vivo pelo YouTube.<\/p>\n\n\n\n<figure class=\"wp-block-image size-full\"><img loading=\"lazy\" decoding=\"async\" width=\"598\" height=\"204\" src=\"https:\/\/radiostudiow.com.br\/site\/wp-content\/uploads\/2024\/10\/labirati.png\" alt=\"\" class=\"wp-image-28854\" srcset=\"https:\/\/radiostudiow.com.br\/site\/wp-content\/uploads\/2024\/10\/labirati.png 598w, https:\/\/radiostudiow.com.br\/site\/wp-content\/uploads\/2024\/10\/labirati-300x102.png 300w\" sizes=\"auto, (max-width: 598px) 100vw, 598px\" \/><\/figure>\n\n\n\n<p>Em nota enviada \u00e0\u00a0<em>Folha de Irati<\/em>, o\u00a0juiz Dawber Gontijo Santos\u00a0destacou que o julgamento seguir\u00e1 todos os princ\u00edpios legais:<\/p>\n\n\n\n<blockquote class=\"wp-block-quote is-layout-flow wp-block-quote-is-layout-flow\">\n<p><em>\u201cO processo se baseou na Constitui\u00e7\u00e3o Federal, no C\u00f3digo Penal e no C\u00f3digo de Processo Penal, assegurando aos r\u00e9us o direito \u00e0 ampla defesa e a um julgamento imparcial por sete jurados que decidir\u00e3o conforme as provas dos autos.\u201d<\/em><\/p>\n<\/blockquote>\n\n\n\n<p>O magistrado tamb\u00e9m refor\u00e7ou que medidas especiais foram tomadas para garantir a ordem durante o julgamento:<\/p>\n\n\n\n<blockquote class=\"wp-block-quote is-layout-flow wp-block-quote-is-layout-flow\">\n<p><em>\u201cAs provid\u00eancias visam garantir a seguran\u00e7a dos presentes, a tranquilidade dos trabalhos e a paz social, com o apoio da Pol\u00edcia Militar, do Departamento Penitenci\u00e1rio, da Guarda Municipal e do Poder Judici\u00e1rio\u201d, afirmou.<\/em><\/p>\n<\/blockquote>\n\n\n\n<p>Segundo as\u00a0investiga\u00e7\u00f5es da Pol\u00edcia Civil, o crime pode ser enquadrado como\u00a0homic\u00eddio qualificado (art. 121, \u00a72\u00ba, do C\u00f3digo Penal), com\u00a0qualificadoras\u00a0como motivo torpe e emprego de meio que resultou em perigo comum. Por envolver\u00a0cinco v\u00edtimas, o processo prev\u00ea\u00a0concurso material, que permite a\u00a0soma das penas\u00a0em caso de condena\u00e7\u00e3o \u2014 cada homic\u00eddio qualificado prev\u00ea\u00a0pena de 12 a 30 anos de reclus\u00e3o.<\/p>\n\n\n\n<p>Mesmo com o envolvimento de um\u00a0policial militar, o caso tramita na\u00a0Justi\u00e7a comum, sem privil\u00e9gios funcionais. O julgamento deve se prolongar por\u00a0v\u00e1rios dias, devido ao n\u00famero de\u00a0testemunhas\u00a0e \u00e0\u00a0complexidade das provas.<\/p>\n\n\n\n<figure class=\"wp-block-image size-full\"><img loading=\"lazy\" decoding=\"async\" width=\"598\" height=\"204\" src=\"https:\/\/radiostudiow.com.br\/site\/wp-content\/uploads\/2025\/04\/BOROX.png\" alt=\"\" class=\"wp-image-37229\" srcset=\"https:\/\/radiostudiow.com.br\/site\/wp-content\/uploads\/2025\/04\/BOROX.png 598w, https:\/\/radiostudiow.com.br\/site\/wp-content\/uploads\/2025\/04\/BOROX-300x102.png 300w\" sizes=\"auto, (max-width: 598px) 100vw, 598px\" \/><\/figure>\n\n\n\n<h3 class=\"wp-block-heading\">Relembre o caso<\/h3>\n\n\n\n<p>O crime aconteceu na noite do\u00a0feriado de Corpus Christi de 2022, por volta das\u00a020h30, no bairro\u00a0Vila S\u00e3o Jo\u00e3o, em Irati. As v\u00edtimas foram\u00a0Wellington Vieira de Andrade (21),\u00a0Jaine Shaiane Fernandes (27),\u00a0Alex C\u00e9sar Ferreira (24),\u00a0Danilo Vinicius Gaioch Conrado (18)\u00a0e\u00a0Ednaldo de Souza Nascimento (33). Todos foram\u00a0alvejados por tiros de diferentes calibres. Um\u00a0beb\u00ea, filho do casal Wellington e Jaine, e outra pessoa que estava na casa\u00a0sobreviveram ao ataque.<\/p>\n\n\n\n<p>As\u00a0investiga\u00e7\u00f5es, conclu\u00eddas em\u00a0setembro de 2022, resultaram na\u00a0pris\u00e3o de tr\u00eas suspeitos. Um deles,\u00a0policial militar de Irati, foi preso enquanto estava na delegacia. Outro\u00a0se apresentou em Piracicaba (SP), e o terceiro foi\u00a0capturado na mesma cidade.<\/p>\n\n\n\n<p>Segundo o\u00a0delegado Paulo Eug\u00eanio Ribeiro, que conduziu o caso, o crime foi motivado por um\u00a0conflito familiar. Os autores teriam chegado\u00a0pela mata, com o objetivo de\u00a0matar uma pessoa espec\u00edfica, mas acabaram\u00a0assassinando outras que estavam no local. A\u00a0per\u00edcia\u00a0encontrou\u00a0marcas de tiros nas paredes\u00a0e concluiu que houve\u00a0confronto dentro da casa. Um dos atiradores teria sido\u00a0ferido no bra\u00e7o\u00a0durante o ataque.<\/p>\n","protected":false},"excerpt":{"rendered":"<p>O\u00a0j\u00fari popular da chacina da Vila S\u00e3o Jo\u00e3o, crime que chocou Irati em\u00a016 de junho de 2022, ser\u00e1 realizado no\u00a0dia 4 de novembro, no\u00a0F\u00f3rum da Comarca de Irati. Est\u00e3o no banco dos r\u00e9us um\u00a0policial militar, sua\u00a0irm\u00e3\u00a0e o\u00a0cunhado, acusados de\u00a0participar do ataque que matou cinco pessoas\u00a0durante o feriado de Corpus Christi. Considerado um dos\u00a0julgamentos mais aguardados [&hellip;]<\/p>\n","protected":false},"author":2,"featured_media":44258,"comment_status":"open","ping_status":"open","sticky":false,"template":"","format":"standard","meta":{"footnotes":""},"categories":[2],"tags":[172],"class_list":["post-44257","post","type-post","status-publish","format-standard","has-post-thumbnail","hentry","category-policial","tag-featured"],"amp_enabled":true,"_links":{"self":[{"href":"https:\/\/radiostudiow.com.br\/site\/wp-json\/wp\/v2\/posts\/44257","targetHints":{"allow":["GET"]}}],"collection":[{"href":"https:\/\/radiostudiow.com.br\/site\/wp-json\/wp\/v2\/posts"}],"about":[{"href":"https:\/\/radiostudiow.com.br\/site\/wp-json\/wp\/v2\/types\/post"}],"author":[{"embeddable":true,"href":"https:\/\/radiostudiow.com.br\/site\/wp-json\/wp\/v2\/users\/2"}],"replies":[{"embeddable":true,"href":"https:\/\/radiostudiow.com.br\/site\/wp-json\/wp\/v2\/comments?post=44257"}],"version-history":[{"count":1,"href":"https:\/\/radiostudiow.com.br\/site\/wp-json\/wp\/v2\/posts\/44257\/revisions"}],"predecessor-version":[{"id":44259,"href":"https:\/\/radiostudiow.com.br\/site\/wp-json\/wp\/v2\/posts\/44257\/revisions\/44259"}],"wp:featuredmedia":[{"embeddable":true,"href":"https:\/\/radiostudiow.com.br\/site\/wp-json\/wp\/v2\/media\/44258"}],"wp:attachment":[{"href":"https:\/\/radiostudiow.com.br\/site\/wp-json\/wp\/v2\/media?parent=44257"}],"wp:term":[{"taxonomy":"category","embeddable":true,"href":"https:\/\/radiostudiow.com.br\/site\/wp-json\/wp\/v2\/categories?post=44257"},{"taxonomy":"post_tag","embeddable":true,"href":"https:\/\/radiostudiow.com.br\/site\/wp-json\/wp\/v2\/tags?post=44257"}],"curies":[{"name":"wp","href":"https:\/\/api.w.org\/{rel}","templated":true}]}}